{"id":83578,"date":"2020-10-06T19:19:28","date_gmt":"2020-10-07T00:19:28","guid":{"rendered":"https:\/\/elinformanteperu.com\/?p=83578"},"modified":"2020-10-06T19:19:28","modified_gmt":"2020-10-07T00:19:28","slug":"brasil-ya-entrena-con-todo-su-poderio-para-enfrentar-a-bolivia-y-peru","status":"publish","type":"post","link":"https:\/\/elinformanteperu.com\/index.php\/2020\/10\/06\/brasil-ya-entrena-con-todo-su-poderio-para-enfrentar-a-bolivia-y-peru\/","title":{"rendered":"Brasil ya entrena con todo su poder\u00edo para enfrentar a Bolivia y Per\u00fa"},"content":{"rendered":"<p><strong><span style=\"color: #000000;\">Los auriverdes enfrentar\u00e1s a la la Blanquirroja, el martes 13 de octubre en Lima<\/span><\/strong><\/p>\n<p><span style=\"color: #000000;\"><strong>Brasilia, 06 Octubre 2020, (ANDINA).<\/strong>&#8211; Los 23 jugadores convocados por Brasil para sus dos primeros partidos de las eliminatorias al Mundial de Catar 2022, con Bolivia el viernes y Per\u00fa cuatro d\u00edas despu\u00e9s, ya se entrenan al mando del seleccionador Adenor Leonardo Bacchi, &#8216;Tite&#8217;.<\/span><\/p>\n<p><span style=\"color: #000000;\">Con la llegada de nueve internacionales este martes, la Canarinha qued\u00f3 completa y cumpli\u00f3 en la ma\u00f1ana trabajos en la academia de la Granja Comary, situada en la ciudad serrana de Teres\u00f3polis.<\/span><\/p>\n<p><span style=\"color: #000000;\">El equipo completo tiene previsto un entrenamiento en la cancha en la tarde de este martes, tras la pr\u00e1ctica que Tite comand\u00f3 la v\u00edspera con tan s\u00f3lo trece de los jugadores.<\/span><\/p>\n<p><span style=\"color: #000000;\">El \u00fanico que no se ha sumado al trabajo en grupo es el delantero Richarlison, que es tratado por una lesi\u00f3n en un tobillo tras un golpe que sufri\u00f3 en el partido del s\u00e1bado con el Everton ingl\u00e9s y sigue bajo los cuidados del m\u00e9dico Rodrigo Lasmar.<\/span><\/p>\n<p><span style=\"color: #000000;\">Los \u00faltimos jugadores en presentarse, poco antes del mediod\u00eda de este martes, fueron el volante Casemiro (Real Madrid-ESP), el delantero Rodrygo (Real Madrid-ESP), el lateral Danilo (Juventus-ITA), el centrocampista Fabinho (Liverpool-GBR) y el atacante Roberto Firmino (Liverpool-GBR).<\/span><\/p>\n<blockquote class=\"twitter-tweet\">\n<p dir=\"ltr\" lang=\"pt\">Assim foi a manh\u00e3 da <a href=\"https:\/\/twitter.com\/hashtag\/Sele%C3%A7%C3%A3oBrasileira?src=hash&amp;ref_src=twsrc%5Etfw\">#Sele\u00e7\u00e3oBrasileira<\/a> na Granja Comary! \ud83d\udcaa\ud83c\udfcb\ud83c\udde7\ud83c\uddf7<\/p>\n<p>Fotos: <a href=\"https:\/\/twitter.com\/lucasfigfoto?ref_src=twsrc%5Etfw\">@lucasfigfoto<\/a> \/ CBF <a href=\"https:\/\/t.co\/KimkkA1U9s\">pic.twitter.com\/KimkkA1U9s<\/a><\/p>\n<p>\u2014 CBF Futebol (@CBF_Futebol) <a href=\"https:\/\/twitter.com\/CBF_Futebol\/status\/1313529172946452480?ref_src=twsrc%5Etfw\">October 6, 2020<\/a><\/p><\/blockquote>\n<p><script async src=\"https:\/\/platform.twitter.com\/widgets.js\" charset=\"utf-8\"><\/script><\/p>\n","protected":false},"excerpt":{"rendered":"<p>Los auriverdes enfrentar\u00e1s a la la Blanquirroja, el martes 13 de octubre en Lima Brasilia, 06 Octubre 2020, (ANDINA).&#8211; Los 23 jugadores convocados por Brasil para sus dos primeros partidos de las eliminatorias al Mundial de Catar 2022, con Bolivia el viernes y Per\u00fa cuatro d\u00edas despu\u00e9s, ya se entrenan al mando del seleccionador Adenor [&hellip;]<\/p>\n","protected":false},"author":1,"featured_media":83579,"comment_status":"open","ping_status":"open","sticky":false,"template":"","format":"standard","meta":{"rop_custom_images_group":[],"rop_custom_messages_group":[],"rop_publish_now":"initial","rop_publish_now_accounts":[],"rop_publish_now_history":[],"rop_publish_now_status":"pending","footnotes":""},"categories":[8],"tags":[],"class_list":["post-83578","post","type-post","status-publish","format-standard","has-post-thumbnail","hentry","category-disciplinas-deportivas"],"_links":{"self":[{"href":"https:\/\/elinformanteperu.com\/index.php\/wp-json\/wp\/v2\/posts\/83578","targetHints":{"allow":["GET"]}}],"collection":[{"href":"https:\/\/elinformanteperu.com\/index.php\/wp-json\/wp\/v2\/posts"}],"about":[{"href":"https:\/\/elinformanteperu.com\/index.php\/wp-json\/wp\/v2\/types\/post"}],"author":[{"embeddable":true,"href":"https:\/\/elinformanteperu.com\/index.php\/wp-json\/wp\/v2\/users\/1"}],"replies":[{"embeddable":true,"href":"https:\/\/elinformanteperu.com\/index.php\/wp-json\/wp\/v2\/comments?post=83578"}],"version-history":[{"count":1,"href":"https:\/\/elinformanteperu.com\/index.php\/wp-json\/wp\/v2\/posts\/83578\/revisions"}],"predecessor-version":[{"id":83580,"href":"https:\/\/elinformanteperu.com\/index.php\/wp-json\/wp\/v2\/posts\/83578\/revisions\/83580"}],"wp:featuredmedia":[{"embeddable":true,"href":"https:\/\/elinformanteperu.com\/index.php\/wp-json\/wp\/v2\/media\/83579"}],"wp:attachment":[{"href":"https:\/\/elinformanteperu.com\/index.php\/wp-json\/wp\/v2\/media?parent=83578"}],"wp:term":[{"taxonomy":"category","embeddable":true,"href":"https:\/\/elinformanteperu.com\/index.php\/wp-json\/wp\/v2\/categories?post=83578"},{"taxonomy":"post_tag","embeddable":true,"href":"https:\/\/elinformanteperu.com\/index.php\/wp-json\/wp\/v2\/tags?post=83578"}],"curies":[{"name":"wp","href":"https:\/\/api.w.org\/{rel}","templated":true}]}}