{"id":83571,"date":"2020-10-06T19:09:33","date_gmt":"2020-10-07T00:09:33","guid":{"rendered":"https:\/\/elinformanteperu.com\/?p=83571"},"modified":"2020-10-06T19:09:33","modified_gmt":"2020-10-07T00:09:33","slug":"muere-a-los-65-anos-eddie-van-halen-icono-del-rock-y-cofundador-de-la-banda-van-halen","status":"publish","type":"post","link":"https:\/\/elinformanteperu.com\/index.php\/2020\/10\/06\/muere-a-los-65-anos-eddie-van-halen-icono-del-rock-y-cofundador-de-la-banda-van-halen\/","title":{"rendered":"Muere a los 65 a\u00f1os Eddie Van Halen, \u00edcono del rock y cofundador de la banda Van Halen"},"content":{"rendered":"<p><span style=\"color: #000000;\"><strong>Los \u00c1ngeles, 06 Octubre 2020, (ANDINA).-<\/strong> El guitarrista Eddie Van Halen, fundador de la ic\u00f3nica banda de rock que lleva su apellido, falleci\u00f3 en California a los 65 a\u00f1os tras una larga batalla contra el c\u00e1ncer, anunci\u00f3 su hijo en redes sociales.<\/span><\/p>\n<p><span style=\"color: #000000;\">\u00abNo puedo creer que tenga que escribir esto\u00bb, indic\u00f3 Wolf Van Halen, \u00abpero mi padre (&#8230;) ha perdido la larga y ardua batalla contra el c\u00e1ncer\u00bb.<\/span><\/p>\n<p><span style=\"color: #000000;\">\u00abFue el mejor padre que pod\u00eda pedir\u00bb, continu\u00f3. \u00abCada momento que compart\u00ed con \u00e9l sobre y fuera del escenario fue un regalo. Mi coraz\u00f3n est\u00e1 roto y no creo que se recupere completamente por esta p\u00e9rdida. Te amo mucho pap\u00e1\u00bb.<\/span><\/p>\n<p><span style=\"color: #000000;\">Van Halen, un virtuoso de la guitarra, naci\u00f3 en Amsterdam pero se cri\u00f3 en Pasadena, California, donde fund\u00f3 la banda junto a su hermano mayor, el baterista Alex Van Halen, y r\u00e1pidamente ganaron fama.<\/span><\/p>\n<p><span style=\"color: #000000;\">Entre los cl\u00e1sicos del grupo destacan \u00abRunnin&#8217; with the Devil\u00bb y el solo de guitarra de \u00abEruption\u00bb.<\/span><\/p>\n<p><span style=\"color: #000000;\">Van Halen vendi\u00f3 m\u00e1s de 75 millones de discos y tiene m\u00e1s sencillos n\u00famero uno en las listas de rock de Estados Unidos que cualquier otro artista, seg\u00fan la disquera de la banda.<\/span><\/p>\n<p><span style=\"color: #000000;\">Seg\u00fan el sitio de celebridades TMZ, Van Halen falleci\u00f3 en un hospital de Santa M\u00f3nica acompa\u00f1ado de su esposa Janie, su hijo Wolf, que se convirti\u00f3 en bajista de la banda, y su hermano Alex.<\/span><\/p>\n<p><span style=\"color: #000000;\">Eddie Van Halen tambi\u00e9n cre\u00f3 el solo de guitara de la conocida canci\u00f3n \u00abBeat it\u00bb, de Michael Jackson.<\/span><\/p>\n<p><span style=\"color: #000000;\">Su batalla contra el c\u00e1ncer de garganta comenz\u00f3 hace una d\u00e9cada, seg\u00fan el medio especializado.<\/span><\/p>\n<p><iframe width=\"520\" height=\"315\" src=\"https:\/\/www.youtube-nocookie.com\/embed\/L9r-NxuYszg?controls=0\" frameborder=\"0\" allow=\"accelerometer; autoplay; clipboard-write; encrypted-media; gyroscope; picture-in-picture\" allowfullscreen><\/iframe><\/p>\n","protected":false},"excerpt":{"rendered":"<p>Los \u00c1ngeles, 06 Octubre 2020, (ANDINA).- El guitarrista Eddie Van Halen, fundador de la ic\u00f3nica banda de rock que lleva su apellido, falleci\u00f3 en California a los 65 a\u00f1os tras una larga batalla contra el c\u00e1ncer, anunci\u00f3 su hijo en redes sociales. \u00abNo puedo creer que tenga que escribir esto\u00bb, indic\u00f3 Wolf Van Halen, \u00abpero [&hellip;]<\/p>\n","protected":false},"author":1,"featured_media":83572,"comment_status":"open","ping_status":"open","sticky":false,"template":"","format":"standard","meta":{"rop_custom_images_group":[],"rop_custom_messages_group":[],"rop_publish_now":"initial","rop_publish_now_accounts":[],"rop_publish_now_history":[],"rop_publish_now_status":"pending","footnotes":""},"categories":[69],"tags":[6143,6144],"class_list":["post-83571","post","type-post","status-publish","format-standard","has-post-thumbnail","hentry","category-musica","tag-eddie-van-halen","tag-van-halen"],"_links":{"self":[{"href":"https:\/\/elinformanteperu.com\/index.php\/wp-json\/wp\/v2\/posts\/83571","targetHints":{"allow":["GET"]}}],"collection":[{"href":"https:\/\/elinformanteperu.com\/index.php\/wp-json\/wp\/v2\/posts"}],"about":[{"href":"https:\/\/elinformanteperu.com\/index.php\/wp-json\/wp\/v2\/types\/post"}],"author":[{"embeddable":true,"href":"https:\/\/elinformanteperu.com\/index.php\/wp-json\/wp\/v2\/users\/1"}],"replies":[{"embeddable":true,"href":"https:\/\/elinformanteperu.com\/index.php\/wp-json\/wp\/v2\/comments?post=83571"}],"version-history":[{"count":1,"href":"https:\/\/elinformanteperu.com\/index.php\/wp-json\/wp\/v2\/posts\/83571\/revisions"}],"predecessor-version":[{"id":83573,"href":"https:\/\/elinformanteperu.com\/index.php\/wp-json\/wp\/v2\/posts\/83571\/revisions\/83573"}],"wp:featuredmedia":[{"embeddable":true,"href":"https:\/\/elinformanteperu.com\/index.php\/wp-json\/wp\/v2\/media\/83572"}],"wp:attachment":[{"href":"https:\/\/elinformanteperu.com\/index.php\/wp-json\/wp\/v2\/media?parent=83571"}],"wp:term":[{"taxonomy":"category","embeddable":true,"href":"https:\/\/elinformanteperu.com\/index.php\/wp-json\/wp\/v2\/categories?post=83571"},{"taxonomy":"post_tag","embeddable":true,"href":"https:\/\/elinformanteperu.com\/index.php\/wp-json\/wp\/v2\/tags?post=83571"}],"curies":[{"name":"wp","href":"https:\/\/api.w.org\/{rel}","templated":true}]}}