{"id":83566,"date":"2020-10-06T00:34:13","date_gmt":"2020-10-06T05:34:13","guid":{"rendered":"https:\/\/elinformanteperu.com\/?p=83566"},"modified":"2020-10-06T00:34:13","modified_gmt":"2020-10-06T05:34:13","slug":"elecciones-2021-salinas-confirma-precandidatura-a-la-presidencia-en-el-apra","status":"publish","type":"post","link":"https:\/\/elinformanteperu.com\/index.php\/2020\/10\/06\/elecciones-2021-salinas-confirma-precandidatura-a-la-presidencia-en-el-apra\/","title":{"rendered":"Elecciones 2021: Salinas confirma precandidatura a la presidencia en el Apra"},"content":{"rendered":"<p><span style=\"color: #000000;\"><strong>Lima, 05 Octubre 2020, (ANDINA).-<\/strong> El m\u00e9dico Abel Salinas Rivas confirm\u00f3 que presentar\u00e1 su precandidatura a la presidencia en las elecciones internas del Partido Aprista Peruano.<\/span><\/p>\n<p><span style=\"color: #000000;\">Sostuvo que acept\u00f3 la propuesta a pedido de un sector de militantes j\u00f3venes del Apra, con quienes se reuni\u00f3 en el local del partido de Miraflores.<\/span><\/p>\n<p><span style=\"color: #000000;\">\u201cMe hicieron la propuesta que fue halagadora y denotaba compromiso grande, si los j\u00f3venes son los m\u00e1s afectados en la pandemia y tienen la intensi\u00f3n de mirar y hacer algo por el pa\u00eds, es un compromiso para todos\u201d, asever\u00f3 en Canal N.<\/span><\/p>\n<p><span style=\"color: #000000;\">Asegur\u00f3 que la crisis sanitaria y socioecon\u00f3mica derivada de la pandemia del coronavirus (covid-19) y la informalidad que hay en el pa\u00eds lo llevaron a pensar en que debe participar en las elecciones internas.<\/span><\/p>\n<p><span style=\"color: #000000;\">\u201cLa propuesta es correcta, proceder\u00e9 dentro de la normativa interna a participar en las elecciones internas, si progresa en buena hora sino estar\u00e9 donde me toque estar\u201d, apunt\u00f3.<\/span><\/p>\n<p><span style=\"color: #000000;\">Refiri\u00f3 que todav\u00eda no ha definido qui\u00e9nes lo acompa\u00f1ar\u00e1n en la f\u00f3rmula presidencial, aspecto que puede concretarse esta semana, en funciones de los precandidatos que expresaron su voluntad de participar en las internas.<\/span><\/p>\n<p><span style=\"color: #000000;\">Sobre la voceada precandidatura de Nidia Vilchez a la presidencia, Salinas indic\u00f3 que m\u00e1s que pensar en distinguirse de esa precandidatura cree que se debe ver c\u00f3mo suman, considerando que las panchas presidenciales tienen que tener alternancia de g\u00e9nero.<\/span><\/p>\n<p><span style=\"color: #000000;\">La democracia interna debe ser la nueva faceta del Apra y mostrar caras nuevas, dijo.<\/span><\/p>\n<p><span style=\"color: #000000;\">\u201cSoy militante pero no he sido dirigente ni ocupe cargo de confianza de muy alto nivel, hay personas nuevas que tambi\u00e9n han ingresado como Roque Benavides, que es una buena opci\u00f3n, veremos c\u00f3mo ofrecemos al pa\u00eds algo diferente y a los militantes\u201d, asegur\u00f3.<\/span><\/p>\n<p><span style=\"color: #000000;\">Precis\u00f3 que lo central de su propuesta ser\u00e1 la reactivaci\u00f3n econ\u00f3mica y la salud p\u00fablica, dado que se debe sumar esfuerzos para sacar al pa\u00eds de la crisis.<\/span><\/p>\n","protected":false},"excerpt":{"rendered":"<p>Lima, 05 Octubre 2020, (ANDINA).- El m\u00e9dico Abel Salinas Rivas confirm\u00f3 que presentar\u00e1 su precandidatura a la presidencia en las elecciones internas del Partido Aprista Peruano. Sostuvo que acept\u00f3 la propuesta a pedido de un sector de militantes j\u00f3venes del Apra, con quienes se reuni\u00f3 en el local del partido de Miraflores. \u201cMe hicieron la [&hellip;]<\/p>\n","protected":false},"author":1,"featured_media":83567,"comment_status":"open","ping_status":"open","sticky":false,"template":"","format":"standard","meta":{"rop_custom_images_group":[],"rop_custom_messages_group":[],"rop_publish_now":"initial","rop_publish_now_accounts":[],"rop_publish_now_history":[],"rop_publish_now_status":"pending","footnotes":""},"categories":[5],"tags":[2733,555,5461],"class_list":["post-83566","post","type-post","status-publish","format-standard","has-post-thumbnail","hentry","category-actualidad-informativa","tag-abel-salinas-rivas","tag-apra","tag-elecciones-2021"],"_links":{"self":[{"href":"https:\/\/elinformanteperu.com\/index.php\/wp-json\/wp\/v2\/posts\/83566","targetHints":{"allow":["GET"]}}],"collection":[{"href":"https:\/\/elinformanteperu.com\/index.php\/wp-json\/wp\/v2\/posts"}],"about":[{"href":"https:\/\/elinformanteperu.com\/index.php\/wp-json\/wp\/v2\/types\/post"}],"author":[{"embeddable":true,"href":"https:\/\/elinformanteperu.com\/index.php\/wp-json\/wp\/v2\/users\/1"}],"replies":[{"embeddable":true,"href":"https:\/\/elinformanteperu.com\/index.php\/wp-json\/wp\/v2\/comments?post=83566"}],"version-history":[{"count":1,"href":"https:\/\/elinformanteperu.com\/index.php\/wp-json\/wp\/v2\/posts\/83566\/revisions"}],"predecessor-version":[{"id":83568,"href":"https:\/\/elinformanteperu.com\/index.php\/wp-json\/wp\/v2\/posts\/83566\/revisions\/83568"}],"wp:featuredmedia":[{"embeddable":true,"href":"https:\/\/elinformanteperu.com\/index.php\/wp-json\/wp\/v2\/media\/83567"}],"wp:attachment":[{"href":"https:\/\/elinformanteperu.com\/index.php\/wp-json\/wp\/v2\/media?parent=83566"}],"wp:term":[{"taxonomy":"category","embeddable":true,"href":"https:\/\/elinformanteperu.com\/index.php\/wp-json\/wp\/v2\/categories?post=83566"},{"taxonomy":"post_tag","embeddable":true,"href":"https:\/\/elinformanteperu.com\/index.php\/wp-json\/wp\/v2\/tags?post=83566"}],"curies":[{"name":"wp","href":"https:\/\/api.w.org\/{rel}","templated":true}]}}