{"id":83542,"date":"2020-10-05T23:50:58","date_gmt":"2020-10-06T04:50:58","guid":{"rendered":"https:\/\/elinformanteperu.com\/?p=83542"},"modified":"2020-10-05T23:50:58","modified_gmt":"2020-10-06T04:50:58","slug":"mazzettigobierno-trabaja-de-forma-responsable-para-tener-la-vacuna-en-su-momento","status":"publish","type":"post","link":"https:\/\/elinformanteperu.com\/index.php\/2020\/10\/05\/mazzettigobierno-trabaja-de-forma-responsable-para-tener-la-vacuna-en-su-momento\/","title":{"rendered":"Mazzetti:Gobierno trabaja de forma responsable para tener la vacuna en su momento"},"content":{"rendered":"<p><strong><span style=\"color: #000000;\">Inform\u00f3 que el sistema de salud ya se viene preparando para ello.<\/span><\/strong><\/p>\n<p><span style=\"color: #000000;\"><strong>Lima, 05 Octubre 2020, (ANDINA).-<\/strong> La ministra de Salud, Pilar Mazzetti, dijo esta ma\u00f1ana que todos en el gobierno trabajan de manera responsable para tener la vacuna contra el coronavirus en el Per\u00fa en el momento que corresponda, por lo que descart\u00f3 que exista un \u00e1nimo triunfalista en este tema.<\/span><\/p>\n<p><span style=\"color: #000000;\">\u201cUna cosa no se contrapone a otra, todos en el pa\u00eds estamos avanzando para tratar de tener la vacuna en su momento\u201d, afirm\u00f3, tras participar esta ma\u00f1ana en la ceremonia por el D\u00eda de la Medicina Peruana, en el hospital Dos de Mayo.<\/span><\/p>\n<p><span style=\"color: #000000;\">\u201cNinguno de nosotros se siente triunfalista, creo que todo el mundo se siente responsable, que es lo m\u00e1s importante, y con la convicci\u00f3n de que tenemos que prepararnos lo mejor posible para lo que pueda venir\u201d, agreg\u00f3.<\/span><\/p>\n<p><span style=\"color: #000000;\">El presidente de la Rep\u00fablica, Mart\u00edn Vizcarra, dijo que, para el 28 de julio del 2021, cuando concluya su gobierno, la vacuna contra el covid -19, ya se estar\u00e1 aplicando en el pa\u00eds, y que los primeros inmunizados ser\u00e1n el personal de salud, polic\u00edas, militares, personas vulnerables, y los miembros de mesa que participar\u00e1n en las elecciones de abril del 2021.<\/span><\/p>\n<p><strong><span style=\"color: #000000;\">Reducci\u00f3n de tr\u00e1mites<\/span><\/strong><\/p>\n<p><span style=\"color: #000000;\">En declaraciones a la prensa, Mazzetti indic\u00f3 que el sistema de salud ya se viene preparando y agilizando los tr\u00e1mites para facilitar la llegada de la vacuna en el menor tiempo posible.<\/span><\/p>\n<p><span style=\"color: #000000;\">Al respecto, indic\u00f3, que la compra de las vacunas demanda una serie de tr\u00e1mites, pero estos ya se han reducido y ahora solo queda un paso administrativo, y se espera de que salga el decreto respectivo, para efectuar el pago respectivo.<\/span><\/p>\n<p><span style=\"color: #000000;\">Igualmente, se\u00f1al\u00f3, los ensayos cl\u00ednicos, que antes demoraban seis meses en ser aprobados, ahora eso ocurre en 10 d\u00edas, en tanto que el sistema de vacunaci\u00f3n tambi\u00e9n se est\u00e1 probando desde julio pasado, con campa\u00f1as de inmunizaci\u00f3n para ni\u00f1os y adultos mayores.<\/span><\/p>\n<p><span style=\"color: #000000;\">Sobre qu\u00e9 sectores ser\u00edan prioritariamente vacunados, la Ministra de Salud dio cuenta del personal de salud, los adultos mayores, entre otros, pero qui\u00e9nes no recibir\u00edan la vacuna son los ni\u00f1os, porque al momento no hay ensayos cl\u00ednicos para vacunas de ni\u00f1os, y las personas que tengan enfermedades activas y esta medida pueda debilitar sus defensas.<\/span><\/p>\n<p><span style=\"color: #000000;\">Finalmente, sobre la denuncia de una supuesta compra irregular de un lote de pruebas serol\u00f3gicas en el Minsa, durante la gesti\u00f3n del exministro V\u00edctor Zamora, Mazzetti se\u00f1al\u00f3 que esa compra se hizo de manera ordenada, y que as\u00ed lo han establecido investigaciones de la Contralor\u00eda y Control Interno del Minsa.<\/span><\/p>\n","protected":false},"excerpt":{"rendered":"<p>Inform\u00f3 que el sistema de salud ya se viene preparando para ello. Lima, 05 Octubre 2020, (ANDINA).- La ministra de Salud, Pilar Mazzetti, dijo esta ma\u00f1ana que todos en el gobierno trabajan de manera responsable para tener la vacuna contra el coronavirus en el Per\u00fa en el momento que corresponda, por lo que descart\u00f3 que [&hellip;]<\/p>\n","protected":false},"author":1,"featured_media":83543,"comment_status":"open","ping_status":"open","sticky":false,"template":"","format":"standard","meta":{"rop_custom_images_group":[],"rop_custom_messages_group":[],"rop_publish_now":"initial","rop_publish_now_accounts":[],"rop_publish_now_history":[],"rop_publish_now_status":"pending","footnotes":""},"categories":[10],"tags":[388,431,5400,5939],"class_list":["post-83542","post","type-post","status-publish","format-standard","has-post-thumbnail","hentry","category-actualidad-municipal","tag-ministerio-de-salud","tag-minsa","tag-pilar-mazzetti","tag-vacunacion"],"_links":{"self":[{"href":"https:\/\/elinformanteperu.com\/index.php\/wp-json\/wp\/v2\/posts\/83542","targetHints":{"allow":["GET"]}}],"collection":[{"href":"https:\/\/elinformanteperu.com\/index.php\/wp-json\/wp\/v2\/posts"}],"about":[{"href":"https:\/\/elinformanteperu.com\/index.php\/wp-json\/wp\/v2\/types\/post"}],"author":[{"embeddable":true,"href":"https:\/\/elinformanteperu.com\/index.php\/wp-json\/wp\/v2\/users\/1"}],"replies":[{"embeddable":true,"href":"https:\/\/elinformanteperu.com\/index.php\/wp-json\/wp\/v2\/comments?post=83542"}],"version-history":[{"count":1,"href":"https:\/\/elinformanteperu.com\/index.php\/wp-json\/wp\/v2\/posts\/83542\/revisions"}],"predecessor-version":[{"id":83544,"href":"https:\/\/elinformanteperu.com\/index.php\/wp-json\/wp\/v2\/posts\/83542\/revisions\/83544"}],"wp:featuredmedia":[{"embeddable":true,"href":"https:\/\/elinformanteperu.com\/index.php\/wp-json\/wp\/v2\/media\/83543"}],"wp:attachment":[{"href":"https:\/\/elinformanteperu.com\/index.php\/wp-json\/wp\/v2\/media?parent=83542"}],"wp:term":[{"taxonomy":"category","embeddable":true,"href":"https:\/\/elinformanteperu.com\/index.php\/wp-json\/wp\/v2\/categories?post=83542"},{"taxonomy":"post_tag","embeddable":true,"href":"https:\/\/elinformanteperu.com\/index.php\/wp-json\/wp\/v2\/tags?post=83542"}],"curies":[{"name":"wp","href":"https:\/\/api.w.org\/{rel}","templated":true}]}}