{"id":83188,"date":"2020-09-28T23:16:09","date_gmt":"2020-09-29T04:16:09","guid":{"rendered":"https:\/\/elinformanteperu.com\/?p=83188"},"modified":"2020-09-28T23:16:09","modified_gmt":"2020-09-29T04:16:09","slug":"congreso-declaran-procedente-dos-denuncias-contra-edgar-alarcon","status":"publish","type":"post","link":"https:\/\/elinformanteperu.com\/index.php\/2020\/09\/28\/congreso-declaran-procedente-dos-denuncias-contra-edgar-alarcon\/","title":{"rendered":"Congreso: declaran procedente dos denuncias contra Edgar Alarc\u00f3n"},"content":{"rendered":"<p><strong><span style=\"color: #000000;\">En Subcomisi\u00f3n de Acusaciones Constitucionales<\/span><\/strong><\/p>\n<p><span style=\"color: #000000;\"><strong>Lima, 28 Setiembre 2020, (ANDINA).-<\/strong> La Subcomisi\u00f3n de Acusaciones Constitucionales del Congreso declar\u00f3 procedentes dos denuncias constitucionales contra el excontralor y actual parlamentario de Uni\u00f3n Por el Per\u00fa (UPP), Edgar Alarc\u00f3n.<\/span><\/p>\n<p><span style=\"color: #000000;\">Las denuncias fueron presentadas por la fiscal de la Naci\u00f3n, Zoraida \u00c1valos, solicitando el respectivo antejuicio pol\u00edtico.<\/span><\/p>\n<p><span style=\"color: #000000;\">Una es por el presunto delito de enriquecimiento il\u00edcito y la segunda por peculado doloso.<\/span><\/p>\n<p><span style=\"color: #000000;\">La primera cont\u00f3 con la votaci\u00f3n aprobatoria de ocho congresistas y tres abstenciones; en tanto que la segunda denuncia tuvo nueve votos a favor y cuatro abstenciones.<\/span><\/p>\n<p><span style=\"color: #000000;\">Seg\u00fan el Reglamento del Congreso, una vez aprobado por la Subcomisi\u00f3n de Acusaciones Constitucionales los informes ser\u00e1n presentados ante la Comisi\u00f3n Permanente, que determinar\u00e1 un plazo para la investigaci\u00f3n.<\/span><\/p>\n<p><span style=\"color: #000000;\">Las denuncias constitucionales presentadas por la Fiscal\u00eda de la Naci\u00f3n se refieren a hechos desarrollados durante su ejercicio como contralor general de la Rep\u00fablica.<\/span><\/p>\n<p><span style=\"color: #000000;\">Como se recuerda, en julio del 2017, Alarc\u00f3n fue removido del puesto de contralor por una determinaci\u00f3n del Parlamento.<\/span><\/p>\n<p><span style=\"color: #000000;\">Fue acusado de faltas e irregularidades cometidas durante su trabajo en esa entidad por una subcomisi\u00f3n liderada por el entonces legislador Marco Arana.<\/span><\/p>\n","protected":false},"excerpt":{"rendered":"<p>En Subcomisi\u00f3n de Acusaciones Constitucionales Lima, 28 Setiembre 2020, (ANDINA).- La Subcomisi\u00f3n de Acusaciones Constitucionales del Congreso declar\u00f3 procedentes dos denuncias constitucionales contra el excontralor y actual parlamentario de Uni\u00f3n Por el Per\u00fa (UPP), Edgar Alarc\u00f3n. Las denuncias fueron presentadas por la fiscal de la Naci\u00f3n, Zoraida \u00c1valos, solicitando el respectivo antejuicio pol\u00edtico. Una es [&hellip;]<\/p>\n","protected":false},"author":1,"featured_media":71192,"comment_status":"open","ping_status":"open","sticky":false,"template":"","format":"standard","meta":{"rop_custom_images_group":[],"rop_custom_messages_group":[],"rop_publish_now":"initial","rop_publish_now_accounts":[],"rop_publish_now_history":[],"rop_publish_now_status":"pending","footnotes":""},"categories":[5],"tags":[192,855],"class_list":["post-83188","post","type-post","status-publish","format-standard","has-post-thumbnail","hentry","category-actualidad-informativa","tag-congreso","tag-edgar-alarcon"],"_links":{"self":[{"href":"https:\/\/elinformanteperu.com\/index.php\/wp-json\/wp\/v2\/posts\/83188","targetHints":{"allow":["GET"]}}],"collection":[{"href":"https:\/\/elinformanteperu.com\/index.php\/wp-json\/wp\/v2\/posts"}],"about":[{"href":"https:\/\/elinformanteperu.com\/index.php\/wp-json\/wp\/v2\/types\/post"}],"author":[{"embeddable":true,"href":"https:\/\/elinformanteperu.com\/index.php\/wp-json\/wp\/v2\/users\/1"}],"replies":[{"embeddable":true,"href":"https:\/\/elinformanteperu.com\/index.php\/wp-json\/wp\/v2\/comments?post=83188"}],"version-history":[{"count":1,"href":"https:\/\/elinformanteperu.com\/index.php\/wp-json\/wp\/v2\/posts\/83188\/revisions"}],"predecessor-version":[{"id":83189,"href":"https:\/\/elinformanteperu.com\/index.php\/wp-json\/wp\/v2\/posts\/83188\/revisions\/83189"}],"wp:featuredmedia":[{"embeddable":true,"href":"https:\/\/elinformanteperu.com\/index.php\/wp-json\/wp\/v2\/media\/71192"}],"wp:attachment":[{"href":"https:\/\/elinformanteperu.com\/index.php\/wp-json\/wp\/v2\/media?parent=83188"}],"wp:term":[{"taxonomy":"category","embeddable":true,"href":"https:\/\/elinformanteperu.com\/index.php\/wp-json\/wp\/v2\/categories?post=83188"},{"taxonomy":"post_tag","embeddable":true,"href":"https:\/\/elinformanteperu.com\/index.php\/wp-json\/wp\/v2\/tags?post=83188"}],"curies":[{"name":"wp","href":"https:\/\/api.w.org\/{rel}","templated":true}]}}