{"id":8286,"date":"2017-04-12T01:39:26","date_gmt":"2017-04-12T06:39:26","guid":{"rendered":"http:\/\/elinformanteperu.com\/?p=8286"},"modified":"2017-04-12T02:20:08","modified_gmt":"2017-04-12T07:20:08","slug":"salgado-no-se-puede-retrasar-ni-entrampar-investigaciones-de-caso-lava-jato","status":"publish","type":"post","link":"https:\/\/elinformanteperu.com\/index.php\/2017\/04\/12\/salgado-no-se-puede-retrasar-ni-entrampar-investigaciones-de-caso-lava-jato\/","title":{"rendered":"Salgado: No se puede retrasar ni entrampar investigaciones de caso &#8216;Lava Jato&#8217;"},"content":{"rendered":"<p><span style=\"color: #000000;\"><strong>La presidenta del Congreso, Luz Salgado Rubianes, se\u00f1al\u00f3 que no se puede retrasar ni entrampar, con ning\u00fan tipo de sospecha, las investigaciones que realiza la comisi\u00f3n del caso \u2018Lava Jato\u2019.<\/strong><\/span><\/p>\n<p><span style=\"color: #000000;\"><strong>Lima, 11 Abril 2017, (El Informante Per\u00fa).-<\/strong> La presidenta del Congreso, Luz Salgado Rubianes, se\u00f1al\u00f3 que no se puede retrasar ni entrampar, con ning\u00fan tipo de sospecha, las investigaciones que realiza la comisi\u00f3n del caso \u2018Lava Jato\u2019, y que esta tiene que cumplir con el encargo dispuesto por la Representaci\u00f3n Nacional.<\/span><\/p>\n<p><span style=\"color: #000000;\">De esa manera, en conferencia de prensa, destac\u00f3 la actitud asumida por el congresista V\u00edctor Albrecht Rodr\u00edguez (FP) quien, a trav\u00e9s de un oficio dirigido a su despacho, renunci\u00f3 a la presidencia de ese grupo indagador.<\/span><\/p>\n<p><span style=\"color: #000000;\">Salgado se\u00f1al\u00f3 que en la misiva, Albrecht informa de su delicado estado de salud luego de ser sometido a una intervenci\u00f3n quir\u00fargica, y que se le pretende involucrar con los actos cometidos por el ahora detenido exgobernador regional del Callao, F\u00e9lix Moreno.<\/span><\/p>\n<p><span style=\"color: #000000;\">Agreg\u00f3 que en el documento, el parlamentario rechaza dichas acusaciones que buscan descalificarlo y agrega que su alejamiento se da con \u201cla certeza de que esta lucha contra la corrupci\u00f3n no debe ni enturbiarse ni entramparse\u201d.<\/span><\/p>\n<p><span style=\"color: #000000;\">\u201cEs una actitud saludable que debemos rescatar. Esto demuestra, una vez m\u00e1s, el grado de compromiso (del parlamentario Albrecht), quien anuncia que seguir\u00e1 con las investigaciones desde su labor como congresista, cuando se recupere, que esperamos sea pronto\u201d, se\u00f1al\u00f3 Salgado Rubaines.<\/span><\/p>\n<p><span style=\"color: #000000;\">A\u00f1adi\u00f3 que el trabajo del referido legislador al frente de la comisi\u00f3n \u2018Lava Jato\u2019 ha sido reconocido por \u201cpropios y extra\u00f1os\u201d y que por esa raz\u00f3n tiene que continuarse con las indagaciones.<\/span><\/p>\n<p><span style=\"color: #000000;\"><strong>Ma\u00f1ana se dar\u00e1 cuenta<\/strong><\/span><\/p>\n<p><span style=\"color: #000000;\">Seguidamente, la presidenta del Congreso explic\u00f3 los tr\u00e1mites correspondientes tras la renuncia de Albrecht Rodr\u00edguez.<\/span><\/p>\n<p><span style=\"color: #000000;\">Anunci\u00f3 que ma\u00f1ana durante la sesi\u00f3n del Pleno, que se inicia a las 15.00 horas, se dar\u00e1 cuenta de su salida, y ser\u00e1 la bancada a la que pertenece (Fuerza Popular) quien designe a su reemplazante.<\/span><\/p>\n<p><span style=\"color: #000000;\">Salgado Rubianes no descart\u00f3 que ma\u00f1ana se anuncie qui\u00e9n ser\u00e1 el legislador que reemplace a V\u00edctor Albrecht en la comisi\u00f3n Lava Jato.<\/span><\/p>\n","protected":false},"excerpt":{"rendered":"<p>La presidenta del Congreso, Luz Salgado Rubianes, se\u00f1al\u00f3 que no se puede retrasar ni entrampar, con ning\u00fan tipo de sospecha, las investigaciones que realiza la comisi\u00f3n del caso \u2018Lava Jato\u2019. Lima, 11 Abril 2017, (El Informante Per\u00fa).- La presidenta del Congreso, Luz Salgado Rubianes, se\u00f1al\u00f3 que no se puede retrasar ni entrampar, con ning\u00fan tipo [&hellip;]<\/p>\n","protected":false},"author":1,"featured_media":2955,"comment_status":"open","ping_status":"open","sticky":false,"template":"","format":"standard","meta":{"rop_custom_images_group":[],"rop_custom_messages_group":[],"rop_publish_now":"initial","rop_publish_now_accounts":[],"rop_publish_now_history":[],"rop_publish_now_status":"pending","footnotes":""},"categories":[5],"tags":[192,656,296,895],"class_list":["post-8286","post","type-post","status-publish","format-standard","has-post-thumbnail","hentry","category-actualidad-informativa","tag-congreso","tag-lava-jato","tag-luz-salgado","tag-victor-albrecht"],"_links":{"self":[{"href":"https:\/\/elinformanteperu.com\/index.php\/wp-json\/wp\/v2\/posts\/8286","targetHints":{"allow":["GET"]}}],"collection":[{"href":"https:\/\/elinformanteperu.com\/index.php\/wp-json\/wp\/v2\/posts"}],"about":[{"href":"https:\/\/elinformanteperu.com\/index.php\/wp-json\/wp\/v2\/types\/post"}],"author":[{"embeddable":true,"href":"https:\/\/elinformanteperu.com\/index.php\/wp-json\/wp\/v2\/users\/1"}],"replies":[{"embeddable":true,"href":"https:\/\/elinformanteperu.com\/index.php\/wp-json\/wp\/v2\/comments?post=8286"}],"version-history":[{"count":2,"href":"https:\/\/elinformanteperu.com\/index.php\/wp-json\/wp\/v2\/posts\/8286\/revisions"}],"predecessor-version":[{"id":8309,"href":"https:\/\/elinformanteperu.com\/index.php\/wp-json\/wp\/v2\/posts\/8286\/revisions\/8309"}],"wp:featuredmedia":[{"embeddable":true,"href":"https:\/\/elinformanteperu.com\/index.php\/wp-json\/wp\/v2\/media\/2955"}],"wp:attachment":[{"href":"https:\/\/elinformanteperu.com\/index.php\/wp-json\/wp\/v2\/media?parent=8286"}],"wp:term":[{"taxonomy":"category","embeddable":true,"href":"https:\/\/elinformanteperu.com\/index.php\/wp-json\/wp\/v2\/categories?post=8286"},{"taxonomy":"post_tag","embeddable":true,"href":"https:\/\/elinformanteperu.com\/index.php\/wp-json\/wp\/v2\/tags?post=8286"}],"curies":[{"name":"wp","href":"https:\/\/api.w.org\/{rel}","templated":true}]}}