{"id":82848,"date":"2020-09-23T22:50:43","date_gmt":"2020-09-24T03:50:43","guid":{"rendered":"https:\/\/elinformanteperu.com\/?p=82848"},"modified":"2020-09-23T22:50:43","modified_gmt":"2020-09-24T03:50:43","slug":"corte-de-luz-en-lima-y-callao-estas-zonas-seran-afectadas-hasta-el-sabado-26","status":"publish","type":"post","link":"https:\/\/elinformanteperu.com\/index.php\/2020\/09\/23\/corte-de-luz-en-lima-y-callao-estas-zonas-seran-afectadas-hasta-el-sabado-26\/","title":{"rendered":"Corte de luz en Lima y Callao: estas zonas ser\u00e1n afectadas hasta el s\u00e1bado 26"},"content":{"rendered":"<p><span style=\"color: #000000;\"><strong>Lima, 23 Setiembre, (ANDINA).-<\/strong> La empresa Enel Per\u00fa inform\u00f3 que entre hoy y el s\u00e1bado 26 de setiembre se suspender\u00e1 temporalmente el servicio de energ\u00eda el\u00e9ctrica en zonas espec\u00edficas de Lima Metropolitana y el Callao.<\/span><\/p>\n<p><span style=\"color: #000000;\">Mediante un comunicado, la empresa de luz explic\u00f3 que los cortes se realizan de manera preventiva, con el objetivo de evitar riesgos y asegurar m\u00e1s bien el \u00f3ptimo estado la red el\u00e9ctrica.<\/span><\/p>\n<p><span style=\"color: #000000;\">\u00abSe vienen realizando cortes preventivos para la verificaci\u00f3n, mantenimiento y ampliaci\u00f3n del sistema el\u00e9ctrico en zonas espec\u00edficas (calles, avenidas y\/o manzanas) de algunos distritos. La suspensi\u00f3n del servicio el\u00e9ctrico es temporal, present\u00e1ndose en rangos horarios acotados\u00bb, anot\u00f3.<\/span><\/p>\n<p><span style=\"color: #000000;\">Conoce los distritos donde habr\u00e1 corte de luz y los horarios:<\/span><\/p>\n<p><strong><span style=\"color: #000000;\">MIERCOLES 23-09-2020<\/span><\/strong><\/p>\n<p><strong><span style=\"color: #000000;\">SAN JUAN DE LURIGANCHO 09:00 \u2013 15:00<\/span><\/strong><br \/>\n<span style=\"color: #000000;\">Agrup Fam San Francisco de Asis mzs A-B-C-D-E, Asoc Maria Auxiliadora mz 131-132-133, PJ Jose Maria Arguedas mzs A-C-D, PJ Sagrado Madero mzs A-B-C-D-E-F, PJ Nuevo Peru mzs F-G-H-I-J-K, AH Sagrado Madero Ampliacion mzs B4, Agrp Fam Bellavista Nuevo Peru mzs A-B-C, AH Residencial Kawachi mzs A-B-C-D-E, Agrup Fam Ampliacion San Francisco de AsisB-C-D-E, Agrup Las Lomas de Sagrado Madero mzs A-B-C.<\/span><\/p>\n<p><strong><span style=\"color: #000000;\">SAN JUAN DE LURIGANCHO 08:30 \u2013 17:30<\/span><\/strong><br \/>\n<span style=\"color: #000000;\">Ca Las Mochicas Cdra 5-6, Tiahuanaco Cdra 6, Los Chasquis Cdra 6-7, El Lanzon Cdra 3-4.<\/span><\/p>\n<p><strong><span style=\"color: #000000;\">VENTANILLA 15:00 \u2013 17:00<\/span><\/strong><br \/>\n<span style=\"color: #000000;\">AH Defensores de la Patria mzs K3-L3-R3-S3-T3-U3-W3-X3-Y3, AH Colina de los licenciados mzs A.<\/span><\/p>\n<p><strong><span style=\"color: #000000;\">PUENTE PIEDRA 09:30 \u2013 17:30<\/span><\/strong><br \/>\n<span style=\"color: #000000;\">Asoc Las Begonias de Copacaba mzs A-B-C-D, Asoc Prop Los Jazmines de Copacabana mzs A-B, Asoc Viv San Miguel de Copacabana mzs B-C-G, Asoc Los Huertos de la Libertad mzs B-C1-D-D1, Asoc Viv El Eden de Pte Piedra mzs A-B-C-D-E-F, Asoc Viv Buen Progreso mzs B, Asoc Viv La Florida de Copacabana mzs A-B-C-D-F, Asoc Viv Paraiso del Norte mzs A-B-C, Asoc de Pobl Los Sauces mzs A, AH Las Casuarinas de Copacabana mzs A-B-C, Ah Alameda de Copacabana mzs B, Asoc Viv La Floresta de Copacabana mzs A-D-F-G, Asoc Viv Los Olivos de Pte Piedra mzs A, proviv Victoria de Copacabana mzs E, Asoc Portales de Copacabana II Etp mzs B-C-D-E-F.<\/span><\/p>\n<p><strong><span style=\"color: #000000;\">JUEVES 24-09-2020<\/span><\/strong><\/p>\n<p><strong><span style=\"color: #000000;\">PUEBLO LIBRE 09:00 \u2013 17:00<\/span><\/strong><br \/>\n<span style=\"color: #000000;\">Jr Pedro Murillo Cdra 10-11 Ca Gral Artigas Cdra 9, Clovis Cdra 6-7, Av Sucre Cdra 4, Pq Carmen Cdra 12, Bernanrdo O Higgins Cdra 7-8, Ac Gral Clement Cdra 10, Av Jose Leguia y Menendez Cdra 10, Pastor Sevilla Cdra 2, Andalucia Cdra 8.<\/span><\/p>\n<p><strong><span style=\"color: #000000;\">PUENTE PIEDRA 09:30 \u2013 17:00<\/span><\/strong><br \/>\n<span style=\"color: #000000;\">Asoc El Dorado II Etp mzs A-B1-C-C1-D-E1, Asoc Prop Avicultores El Dorado mzs A-C, Asoc El Zapallal Alto mzs A, Ca Rosendo Sandoval Cdra 1-6, Ca Alberto Anaya Jorge Cdra 1.<\/span><\/p>\n<p><strong><span style=\"color: #000000;\">AUCALLAMA 09:00 A 16:00<\/span><\/strong><br \/>\n<span style=\"color: #000000;\">Autopista Huaral-Lima frente a fabrica San Fernando del distrito de Aucallama.<\/span><\/p>\n<p><strong><span style=\"color: #000000;\">VIERNES 25-09-2020<\/span><\/strong><\/p>\n<p><strong><span style=\"color: #000000;\">INDEPENDENCIA 10:00 \u2013 15:00<\/span><\/strong><br \/>\n<span style=\"color: #000000;\">AH Bellavista II mzs A-B-C-D-G-H-I-J-K-L-M-O-Q-R.<\/span><\/p>\n<p><strong><span style=\"color: #000000;\">SAN JUAN DE LURIGANCHO 09:00 \u2013 18:00<\/span><\/strong><br \/>\n<span style=\"color: #000000;\">AH Sr De Los Milagros II mzs A-B, AH Hijos de Juan Pablo II mzs A-B-C-E, AH El Arenal Alto mzs A1-A2, AH Sr De Los Milagros mzs A-B, Ageup Fam Paz y Vida mzs A, Agrup Fam El Mirador mzs D-F.<\/span><\/p>\n<p><strong><span style=\"color: #000000;\">COMAS 09:30 \u2013 15:30<\/span><\/strong><br \/>\n<span style=\"color: #000000;\">Ciudad Sol de Collique mzs E.<\/span><\/p>\n<p><strong><span style=\"color: #000000;\">PUENTE PIEDRA 09:30 \u2013 17:30<\/span><\/strong><br \/>\n<span style=\"color: #000000;\">Urb Esmeralda 4ta Etp mzs A3-B3-B10-B13, Urb Esmeralda 3ra Etp mzs B-G-H, Urb Las Palmeras de Carabayllo mzs F-G, Asoc Las Palmeras de Carabaylllo mzs D-E, Urb Esmeralda Sct 3 mzs A-B-C-E-F-G-H-J, Urb Esmeralda Sct 4 mzs A1-A5-B10, Proviv Resd Santisima Trinidad mzs A-B-C, Proviv Resd Jesus Del Norte mzs A-C.<\/span><\/p>\n<p><strong><span style=\"color: #000000;\">BARRANCA 14:00 A 18:00<\/span><\/strong><br \/>\n<span style=\"color: #000000;\">A.H. Buena Vista Mz A y B, Asoc. Vivienda Trabajadores Municipales Mz A y B; Aso. Vivienda Cesar Augusto Mz A C y D; Calle Miramar Mz A y B cuadra 5 y Av. Costanera cuadra 6 del distrito de Barranca.<\/span><\/p>\n<p><strong><span style=\"color: #000000;\">S\u00c1BADO 26-09-2020<\/span><\/strong><\/p>\n<p><strong><span style=\"color: #000000;\">INDEPENDENCIA 09:00 \u2013 17:00<\/span><\/strong><br \/>\n<span style=\"color: #000000;\">Ca Marcos Farfan Cdra 33-34, Urb Panamericana Norte Industrial mzs H, Av Industrial Cdra 34.<\/span><\/p>\n<p><strong><span style=\"color: #000000;\">PUENTE PIEDRA 13:00 \u2013 17:00<\/span><\/strong><br \/>\n<span style=\"color: #000000;\">Los Nogales cdra 2 -Mz M (Urb. Shangarila)<\/span><\/p>\n<p><strong><span style=\"color: #000000;\">CALLAO 08:00 \u2013 18:00<\/span><\/strong><br \/>\n<span style=\"color: #000000;\">Und Vec Sta Marina, Av Rep de Panama Cdra 6, AH Centenario mzs A-B-C-E-F-G-H, Pza Fanning Cdra 1, Ca Segunda Cdra 1, Ca Tercera Cdra 3, Miguel Capurro Cdra 1-2, Ca Quinta Cdra 2, Ca Cuarta Cdra 1-4, Av Rimac cdra 2, Jr Zepita cdra 14, Atahualpa Cdra 7, Guardia Chalaca Cdra 5-7, Cuzco Cdra 8-9, AH El Carmen mzs A, Jr Puno Cdra 9, Av Argentina Cdra 4-6-11-12, Jr Manuel Arispe cdra 2, UV Sta Marina Norte, Psje Mariano Salazar Cdra 1-2.<\/span><\/p>\n<p><strong><span style=\"color: #000000;\">CARABAYLLO 09:30 \u2013 16:30<\/span><\/strong><br \/>\n<span style=\"color: #000000;\">AH Hiroshima mzs A-B-C-D-F-G-H, AH Ampl Hiroshima 5to Sct El Progreso mzs A-B-C-E-F, AH Luz Divina de Carabayllo mzs A, Agrup Fam Avelino Soto mzs A.<\/span><\/p>\n<p><strong><span style=\"color: #000000;\">BELLAVISTA 10:00 \u2013 16:00<\/span><\/strong><br \/>\n<span style=\"color: #000000;\">Av Jose Santos Chocano Cdra 2-3-4-5-6, Ricardo Palma Cdra 5-6-7-8, Miguel Zamora Cdra 2, Garcilazo de la Vega Cdra 2-3-4-5, Enrique Montes Cdra 1, Manuel Baquero Cdra 1, Pedro Peralta Cdra 1-2, Cesar Vallejo Cdra 3, Toribio Zavala Cdra 1, Abel Galindez Cdra 1, Pedro Ruiz Cdra 5.<\/span><\/p>\n","protected":false},"excerpt":{"rendered":"<p>Lima, 23 Setiembre, (ANDINA).- La empresa Enel Per\u00fa inform\u00f3 que entre hoy y el s\u00e1bado 26 de setiembre se suspender\u00e1 temporalmente el servicio de energ\u00eda el\u00e9ctrica en zonas espec\u00edficas de Lima Metropolitana y el Callao. Mediante un comunicado, la empresa de luz explic\u00f3 que los cortes se realizan de manera preventiva, con el objetivo de [&hellip;]<\/p>\n","protected":false},"author":1,"featured_media":82849,"comment_status":"open","ping_status":"open","sticky":false,"template":"","format":"standard","meta":{"rop_custom_images_group":[],"rop_custom_messages_group":[],"rop_publish_now":"initial","rop_publish_now_accounts":[],"rop_publish_now_history":[],"rop_publish_now_status":"pending","footnotes":""},"categories":[10],"tags":[5821],"class_list":["post-82848","post","type-post","status-publish","format-standard","has-post-thumbnail","hentry","category-actualidad-municipal","tag-enel"],"_links":{"self":[{"href":"https:\/\/elinformanteperu.com\/index.php\/wp-json\/wp\/v2\/posts\/82848","targetHints":{"allow":["GET"]}}],"collection":[{"href":"https:\/\/elinformanteperu.com\/index.php\/wp-json\/wp\/v2\/posts"}],"about":[{"href":"https:\/\/elinformanteperu.com\/index.php\/wp-json\/wp\/v2\/types\/post"}],"author":[{"embeddable":true,"href":"https:\/\/elinformanteperu.com\/index.php\/wp-json\/wp\/v2\/users\/1"}],"replies":[{"embeddable":true,"href":"https:\/\/elinformanteperu.com\/index.php\/wp-json\/wp\/v2\/comments?post=82848"}],"version-history":[{"count":1,"href":"https:\/\/elinformanteperu.com\/index.php\/wp-json\/wp\/v2\/posts\/82848\/revisions"}],"predecessor-version":[{"id":82850,"href":"https:\/\/elinformanteperu.com\/index.php\/wp-json\/wp\/v2\/posts\/82848\/revisions\/82850"}],"wp:featuredmedia":[{"embeddable":true,"href":"https:\/\/elinformanteperu.com\/index.php\/wp-json\/wp\/v2\/media\/82849"}],"wp:attachment":[{"href":"https:\/\/elinformanteperu.com\/index.php\/wp-json\/wp\/v2\/media?parent=82848"}],"wp:term":[{"taxonomy":"category","embeddable":true,"href":"https:\/\/elinformanteperu.com\/index.php\/wp-json\/wp\/v2\/categories?post=82848"},{"taxonomy":"post_tag","embeddable":true,"href":"https:\/\/elinformanteperu.com\/index.php\/wp-json\/wp\/v2\/tags?post=82848"}],"curies":[{"name":"wp","href":"https:\/\/api.w.org\/{rel}","templated":true}]}}