{"id":82840,"date":"2020-09-23T21:41:03","date_gmt":"2020-09-24T02:41:03","guid":{"rendered":"https:\/\/elinformanteperu.com\/?p=82840"},"modified":"2020-09-23T21:41:03","modified_gmt":"2020-09-24T02:41:03","slug":"restaurantes-y-cafeterias-de-miraflores-podran-usar-terrazas-para-atender-al-publico","status":"publish","type":"post","link":"https:\/\/elinformanteperu.com\/index.php\/2020\/09\/23\/restaurantes-y-cafeterias-de-miraflores-podran-usar-terrazas-para-atender-al-publico\/","title":{"rendered":"Restaurantes y cafeter\u00edas de Miraflores podr\u00e1n usar terrazas para atender al p\u00fablico"},"content":{"rendered":"<p><strong><span style=\"color: #000000;\">Medida busca apoyar la reactivaci\u00f3n del sector gastron\u00f3mico y tur\u00edstico, precisa alcalde Luis Molina<\/span><\/strong><\/p>\n<p><span style=\"color: #000000;\"><strong>Lima, 23 Setiembre, (ANDINA).-<\/strong> La municipalidad de Miraflores autorizar\u00e1 a restaurantes, cafeter\u00edas y establecimientos similares el uso comercial de terrazas para colocar mesas, sillas y mobiliario con el fin de atender a sus comensales.<\/span><\/p>\n<p><span style=\"color: #000000;\">La medida, anunciada por el alcalde distrital Luis Molina, busca promover la reactivaci\u00f3n del sector gastron\u00f3mico y tur\u00edstico en Miraflores, sin descuidar la salud del p\u00fablico y los trabajadores de estos locales.<\/span><\/p>\n<p><span style=\"color: #000000;\">En tal sentido, en los pr\u00f3ximos d\u00edas se expedir\u00e1 un decreto de alcald\u00eda que autorizar\u00e1 temporalmente el referido uso comercial del espacio p\u00fablico.<\/span><\/p>\n<p><strong><span style=\"color: #000000;\">Sin pago pero con seguridad<\/span><\/strong><\/p>\n<p><span style=\"color: #000000;\">\u201cEl uso del espacio p\u00fablico se har\u00e1 sin pago alguno, pero cumpliendo estrictamente con el distanciamiento social y los protocolos de bioseguridad\u201d, detall\u00f3 la comuna miraflorina en una nota de prensa.<\/span><\/p>\n<p><span style=\"color: #000000;\">El alcalde precis\u00f3 que el mencionado decreto estar\u00e1 vigente durante todo el periodo que dure el estado de emergencia nacional por covid-19.<\/span><\/p>\n<p><span style=\"color: #000000;\">Esta medida \u2013dijo Molina\u2013 se suma a otras que ha dado la comuna para colaborar en la reactivaci\u00f3n econ\u00f3mica del sector gastron\u00f3mico y tur\u00edstico y compensar el aforo en los salones de restaurantes y cafeter\u00edas.<\/span><\/p>\n<p><strong><span style=\"color: #000000;\">Prohibido el alcohol<\/span><\/strong><\/p>\n<p><span style=\"color: #000000;\">Los espacios a utilizar pueden ser bermas de aislamiento, estacionamientos p\u00fablicos habilitados, veredas, calzadas y otros que ser\u00e1n devueltos al t\u00e9rmino de la autorizaci\u00f3n temporal.<\/span><\/p>\n<p><span style=\"color: #000000;\">El municipio aclar\u00f3 que estas autorizaciones solo se otorgar\u00e1n en zonas comerciales. \u201cEstar\u00e1n prohibidos la venta y el consumo de alcohol; no se podr\u00e1 instalar cerramientos, anclajes y techos, as\u00ed como (tampoco) equipos de audio y video\u201d.<\/span><\/p>\n","protected":false},"excerpt":{"rendered":"<p>Medida busca apoyar la reactivaci\u00f3n del sector gastron\u00f3mico y tur\u00edstico, precisa alcalde Luis Molina Lima, 23 Setiembre, (ANDINA).- La municipalidad de Miraflores autorizar\u00e1 a restaurantes, cafeter\u00edas y establecimientos similares el uso comercial de terrazas para colocar mesas, sillas y mobiliario con el fin de atender a sus comensales. La medida, anunciada por el alcalde distrital [&hellip;]<\/p>\n","protected":false},"author":1,"featured_media":60039,"comment_status":"open","ping_status":"open","sticky":false,"template":"","format":"standard","meta":{"rop_custom_images_group":[],"rop_custom_messages_group":[],"rop_publish_now":"initial","rop_publish_now_accounts":[],"rop_publish_now_history":[],"rop_publish_now_status":"pending","footnotes":""},"categories":[10,5745],"tags":[3803,3755,435],"class_list":["post-82840","post","type-post","status-publish","format-standard","has-post-thumbnail","hentry","category-actualidad-municipal","category-lo-ultimo","tag-luis-molina-arles","tag-miraflores","tag-municipalidad-de-miraflores"],"_links":{"self":[{"href":"https:\/\/elinformanteperu.com\/index.php\/wp-json\/wp\/v2\/posts\/82840","targetHints":{"allow":["GET"]}}],"collection":[{"href":"https:\/\/elinformanteperu.com\/index.php\/wp-json\/wp\/v2\/posts"}],"about":[{"href":"https:\/\/elinformanteperu.com\/index.php\/wp-json\/wp\/v2\/types\/post"}],"author":[{"embeddable":true,"href":"https:\/\/elinformanteperu.com\/index.php\/wp-json\/wp\/v2\/users\/1"}],"replies":[{"embeddable":true,"href":"https:\/\/elinformanteperu.com\/index.php\/wp-json\/wp\/v2\/comments?post=82840"}],"version-history":[{"count":1,"href":"https:\/\/elinformanteperu.com\/index.php\/wp-json\/wp\/v2\/posts\/82840\/revisions"}],"predecessor-version":[{"id":82841,"href":"https:\/\/elinformanteperu.com\/index.php\/wp-json\/wp\/v2\/posts\/82840\/revisions\/82841"}],"wp:featuredmedia":[{"embeddable":true,"href":"https:\/\/elinformanteperu.com\/index.php\/wp-json\/wp\/v2\/media\/60039"}],"wp:attachment":[{"href":"https:\/\/elinformanteperu.com\/index.php\/wp-json\/wp\/v2\/media?parent=82840"}],"wp:term":[{"taxonomy":"category","embeddable":true,"href":"https:\/\/elinformanteperu.com\/index.php\/wp-json\/wp\/v2\/categories?post=82840"},{"taxonomy":"post_tag","embeddable":true,"href":"https:\/\/elinformanteperu.com\/index.php\/wp-json\/wp\/v2\/tags?post=82840"}],"curies":[{"name":"wp","href":"https:\/\/api.w.org\/{rel}","templated":true}]}}