{"id":82836,"date":"2020-09-23T21:38:41","date_gmt":"2020-09-24T02:38:41","guid":{"rendered":"https:\/\/elinformanteperu.com\/?p=82836"},"modified":"2020-09-23T21:38:41","modified_gmt":"2020-09-24T02:38:41","slug":"produce-supervisa-reanudacion-de-actividades-economicas-en-la-region-arequipa","status":"publish","type":"post","link":"https:\/\/elinformanteperu.com\/index.php\/2020\/09\/23\/produce-supervisa-reanudacion-de-actividades-economicas-en-la-region-arequipa\/","title":{"rendered":"Produce supervisa reanudaci\u00f3n de actividades econ\u00f3micas en la regi\u00f3n Arequipa"},"content":{"rendered":"<p><strong><span style=\"color: #000000;\">Viceministro, Wilson Falen, sostuvo que el sector busca dinamizar la econom\u00eda local para promover el comercio sostenible<\/span><\/strong><\/p>\n<p><span style=\"color: #000000;\"><strong>Lima, 23 Setiembre, (El Informante Per\u00fa).-<\/strong> En el marco de las acciones que ejecuta el Ministerio de la Producci\u00f3n para dinamizar el comercio en el interior del pa\u00eds, el viceministro de Mype e Industria, Wilson Falen, realiz\u00f3 la supervisi\u00f3n de la reanudaci\u00f3n de actividades econ\u00f3micas en la regi\u00f3n Arequipa.<\/span><\/p>\n<p><span style=\"color: #000000;\">En este sentido, el funcionario particip\u00f3 de la instalaci\u00f3n del Mercado Temporal del pueblo de Zamacola en Cerro Colorado, actividad que cont\u00f3 con la presencia del alcalde distrital, Benigno Cornejo.<\/span><\/p>\n<p><span style=\"color: #000000;\">El viceministro verific\u00f3 que los comerciantes de este centro de abastos vienen cumpliendo con los protocolos de bioseguridad y salubridad para el comercio y abastecimiento de productos de primera necesidad.<\/span><\/p>\n<p><span style=\"color: #000000;\">\u201cLa reanudaci\u00f3n de actividades comerciales en este mercado temporal benefician directamente a 80 comerciantes y 2000 consumidores finales, lo que dinamiza la econom\u00eda local promoviendo el comercio sostenible\u201d, dijo Falen.<\/span><\/p>\n<p><img fetchpriority=\"high\" decoding=\"async\" class=\"aligncenter size-full wp-image-82838\" src=\"https:\/\/elinformanteperu.com\/wp-content\/uploads\/2020\/09\/produce-cerrro-colorado-arequipa.jpg\" alt=\"\" width=\"805\" height=\"525\" srcset=\"https:\/\/elinformanteperu.com\/wp-content\/uploads\/2020\/09\/produce-cerrro-colorado-arequipa.jpg 805w, https:\/\/elinformanteperu.com\/wp-content\/uploads\/2020\/09\/produce-cerrro-colorado-arequipa-300x196.jpg 300w, https:\/\/elinformanteperu.com\/wp-content\/uploads\/2020\/09\/produce-cerrro-colorado-arequipa-768x501.jpg 768w\" sizes=\"(max-width: 805px) 100vw, 805px\" \/><span style=\"color: #000000;\">Por la tarde, tras una reuni\u00f3n con el Consejo Regional de la MYPE de Arequipa, el viceministro se\u00f1al\u00f3 que Produce viene orientando sus esfuerzos para la atenci\u00f3n de sectores que resultaron vulnerables ante la pandemia, poniendo \u00e9nfasis en el comercio digital para las mypes.<\/span><\/p>\n<p><span style=\"color: #000000;\">\u201cLuego ingresaremos a un proceso de reactivaci\u00f3n para fomentar financiamientos, acceso al mercado y a la mejora de los procesos productivos\u201d, manifest\u00f3.<\/span><\/p>\n<p><span style=\"color: #000000;\">Horas m\u00e1s tarde, el funcionario del sector Producci\u00f3n, en compa\u00f1\u00eda del congresista de la Rep\u00fablica, Jos\u00e9 Antonio N\u00fa\u00f1ez Salas, se reuni\u00f3 con representantes de la C\u00e1mara de Comercio e Industria de Arequipa.<\/span><\/p>\n<p><span style=\"color: #000000;\">Finalmente, Falen Lara recorri\u00f3 las instalaciones de los CITE Textil Confecci\u00f3n y Cuero y Calzado en el Parque Industrial R\u00edo Seco del distrito de Cerro Colorado.<\/span><\/p>\n","protected":false},"excerpt":{"rendered":"<p>Viceministro, Wilson Falen, sostuvo que el sector busca dinamizar la econom\u00eda local para promover el comercio sostenible Lima, 23 Setiembre, (El Informante Per\u00fa).- En el marco de las acciones que ejecuta el Ministerio de la Producci\u00f3n para dinamizar el comercio en el interior del pa\u00eds, el viceministro de Mype e Industria, Wilson Falen, realiz\u00f3 la [&hellip;]<\/p>\n","protected":false},"author":1,"featured_media":82837,"comment_status":"open","ping_status":"open","sticky":false,"template":"","format":"standard","meta":{"rop_custom_images_group":[],"rop_custom_messages_group":[],"rop_publish_now":"initial","rop_publish_now_accounts":[],"rop_publish_now_history":[],"rop_publish_now_status":"pending","footnotes":""},"categories":[10],"tags":[769,747,2539,6124],"class_list":["post-82836","post","type-post","status-publish","format-standard","has-post-thumbnail","hentry","category-actualidad-municipal","tag-arequipa","tag-ministerio-de-la-produccion","tag-produce","tag-wilson-falen"],"_links":{"self":[{"href":"https:\/\/elinformanteperu.com\/index.php\/wp-json\/wp\/v2\/posts\/82836","targetHints":{"allow":["GET"]}}],"collection":[{"href":"https:\/\/elinformanteperu.com\/index.php\/wp-json\/wp\/v2\/posts"}],"about":[{"href":"https:\/\/elinformanteperu.com\/index.php\/wp-json\/wp\/v2\/types\/post"}],"author":[{"embeddable":true,"href":"https:\/\/elinformanteperu.com\/index.php\/wp-json\/wp\/v2\/users\/1"}],"replies":[{"embeddable":true,"href":"https:\/\/elinformanteperu.com\/index.php\/wp-json\/wp\/v2\/comments?post=82836"}],"version-history":[{"count":1,"href":"https:\/\/elinformanteperu.com\/index.php\/wp-json\/wp\/v2\/posts\/82836\/revisions"}],"predecessor-version":[{"id":82839,"href":"https:\/\/elinformanteperu.com\/index.php\/wp-json\/wp\/v2\/posts\/82836\/revisions\/82839"}],"wp:featuredmedia":[{"embeddable":true,"href":"https:\/\/elinformanteperu.com\/index.php\/wp-json\/wp\/v2\/media\/82837"}],"wp:attachment":[{"href":"https:\/\/elinformanteperu.com\/index.php\/wp-json\/wp\/v2\/media?parent=82836"}],"wp:term":[{"taxonomy":"category","embeddable":true,"href":"https:\/\/elinformanteperu.com\/index.php\/wp-json\/wp\/v2\/categories?post=82836"},{"taxonomy":"post_tag","embeddable":true,"href":"https:\/\/elinformanteperu.com\/index.php\/wp-json\/wp\/v2\/tags?post=82836"}],"curies":[{"name":"wp","href":"https:\/\/api.w.org\/{rel}","templated":true}]}}