{"id":8283,"date":"2017-04-12T01:27:24","date_gmt":"2017-04-12T06:27:24","guid":{"rendered":"http:\/\/elinformanteperu.com\/?p=8283"},"modified":"2017-04-12T02:19:25","modified_gmt":"2017-04-12T07:19:25","slug":"victor-albrecht-renuncio-a-presidencia-de-comision-lava-jato","status":"publish","type":"post","link":"https:\/\/elinformanteperu.com\/index.php\/2017\/04\/12\/victor-albrecht-renuncio-a-presidencia-de-comision-lava-jato\/","title":{"rendered":"Victor Albrecht renunci\u00f3 a presidencia de comisi\u00f3n \u00abLava jato\u00bb"},"content":{"rendered":"<p><span style=\"color: #000000;\"><strong>El congresista, V\u00edctor Albrecht, anunci\u00f3 en carta dirigida a la titular del Congreso, su decisi\u00f3n de dejar la presidencia de la Comisi\u00f3n\u00a0 &#8216;Lava Jato&#8217;.<\/strong><\/span><\/p>\n<p><span style=\"color: #000000;\"><strong>Lima, 11 Abril 2017, (El Informante Per\u00fa).-<\/strong> El congresista de la bancada de Fuerza Popular, V\u00edctor Albrecht, anunci\u00f3 en carta dirigida a la titular del Congreso, su decisi\u00f3n de dejar la presidencia de la Comisi\u00f3n investigadora multipartidaria, conocida como &#8216;Lava Jato&#8217;.<\/span><\/p>\n<p><span style=\"color: #000000;\">El anuncio lo hizo la presidenta del Parlamento, Luz Salgado, en breves declaraciones a la prensa. En su carta, Albrecht da cuenta de que ha sido operado y que por su estado de salud no desea enturbiar la investigaci\u00f3n que lleva adelante la referida comisi\u00f3n.<\/span><\/p>\n<p><span style=\"color: #000000;\">\u00abSu carta demuestra el grado de compromiso que ha asumido el congresista\u00bb, dijo Salgado Rubianes e inform\u00f3 que cuando se reintegre a sus labores congresales seguir\u00e1 con su trabajo.<\/span><\/p>\n<p><span style=\"color: #000000;\">Dijo que su renuncia se dar\u00e1 cuenta en la sesi\u00f3n del Pleno de ma\u00f1ana y ser\u00e1 reemplazado por un congresista de la misma bancada.<\/span><\/p>\n","protected":false},"excerpt":{"rendered":"<p>El congresista, V\u00edctor Albrecht, anunci\u00f3 en carta dirigida a la titular del Congreso, su decisi\u00f3n de dejar la presidencia de la Comisi\u00f3n\u00a0 &#8216;Lava Jato&#8217;. Lima, 11 Abril 2017, (El Informante Per\u00fa).- El congresista de la bancada de Fuerza Popular, V\u00edctor Albrecht, anunci\u00f3 en carta dirigida a la titular del Congreso, su decisi\u00f3n de dejar la [&hellip;]<\/p>\n","protected":false},"author":1,"featured_media":8284,"comment_status":"open","ping_status":"open","sticky":false,"template":"","format":"standard","meta":{"rop_custom_images_group":[],"rop_custom_messages_group":[],"rop_publish_now":"initial","rop_publish_now_accounts":[],"rop_publish_now_history":[],"rop_publish_now_status":"pending","footnotes":""},"categories":[5],"tags":[656,895],"class_list":["post-8283","post","type-post","status-publish","format-standard","has-post-thumbnail","hentry","category-actualidad-informativa","tag-lava-jato","tag-victor-albrecht"],"_links":{"self":[{"href":"https:\/\/elinformanteperu.com\/index.php\/wp-json\/wp\/v2\/posts\/8283","targetHints":{"allow":["GET"]}}],"collection":[{"href":"https:\/\/elinformanteperu.com\/index.php\/wp-json\/wp\/v2\/posts"}],"about":[{"href":"https:\/\/elinformanteperu.com\/index.php\/wp-json\/wp\/v2\/types\/post"}],"author":[{"embeddable":true,"href":"https:\/\/elinformanteperu.com\/index.php\/wp-json\/wp\/v2\/users\/1"}],"replies":[{"embeddable":true,"href":"https:\/\/elinformanteperu.com\/index.php\/wp-json\/wp\/v2\/comments?post=8283"}],"version-history":[{"count":2,"href":"https:\/\/elinformanteperu.com\/index.php\/wp-json\/wp\/v2\/posts\/8283\/revisions"}],"predecessor-version":[{"id":8308,"href":"https:\/\/elinformanteperu.com\/index.php\/wp-json\/wp\/v2\/posts\/8283\/revisions\/8308"}],"wp:featuredmedia":[{"embeddable":true,"href":"https:\/\/elinformanteperu.com\/index.php\/wp-json\/wp\/v2\/media\/8284"}],"wp:attachment":[{"href":"https:\/\/elinformanteperu.com\/index.php\/wp-json\/wp\/v2\/media?parent=8283"}],"wp:term":[{"taxonomy":"category","embeddable":true,"href":"https:\/\/elinformanteperu.com\/index.php\/wp-json\/wp\/v2\/categories?post=8283"},{"taxonomy":"post_tag","embeddable":true,"href":"https:\/\/elinformanteperu.com\/index.php\/wp-json\/wp\/v2\/tags?post=8283"}],"curies":[{"name":"wp","href":"https:\/\/api.w.org\/{rel}","templated":true}]}}