{"id":82801,"date":"2020-09-23T18:47:56","date_gmt":"2020-09-23T23:47:56","guid":{"rendered":"https:\/\/elinformanteperu.com\/?p=82801"},"modified":"2020-09-23T18:47:56","modified_gmt":"2020-09-23T23:47:56","slug":"copa-libertadores-flamengo-gano-nacional-clasifico-y-river-plate-apabullo","status":"publish","type":"post","link":"https:\/\/elinformanteperu.com\/index.php\/2020\/09\/23\/copa-libertadores-flamengo-gano-nacional-clasifico-y-river-plate-apabullo\/","title":{"rendered":"Copa Libertadores: Flamengo gan\u00f3, Nacional clasific\u00f3 y River Plate apabull\u00f3"},"content":{"rendered":"<p><strong><span style=\"color: #000000;\">La cuarta jornada contin\u00faa hoy y pueden salir m\u00e1s clasificados a octavos de final<\/span><\/strong><\/p>\n<p><span style=\"color: #000000;\"><strong>Lima, 23 Setiembre, (ANDINA).-<\/strong> Flamengo resurgi\u00f3 y venci\u00f3 2-1 de visita a Barcelona de Ecuador este martes en un duelo que estuvo en riesgo por siete casos de covid-19 de jugadores del equipo brasile\u00f1o, en una jornada de Copa Libertadores-2020 que dej\u00f3 al uruguayo Nacional como primer clasificado a octavos de final. River Plate vapule\u00f3 6-0 al Binacional.<\/span><\/p>\n<p><span style=\"color: #000000;\">El torneo se sacudi\u00f3 cuando a pocas horas de iniciarse el partido entre el Fla, actual monarca de la Libertadores, y el local Barcelona, valido por el Grupo A, el estadio Monumental de Guayaquil fue inhabilitado por las autoridades locales ante los casos de covid-19 reportados por el equipo brasile\u00f1o.<\/span><\/p>\n<p><span style=\"color: #000000;\">Sin embargo, la medida qued\u00f3 sin efecto y el Fla firm\u00f3 una victoria que lo dej\u00f3 encaminado a octavos y de paso elimin\u00f3 a Barcelona.<\/span><\/p>\n<p><span style=\"color: #000000;\">El Flamengo ven\u00eda de una humillante derrota 5-0 sufrida la semana pasada ante el tambi\u00e9n ecuatoriano Independiente del Valle.<\/span><\/p>\n<p><span style=\"color: #000000;\">Pedro abri\u00f3 la cuenta para el Fla a los 6 minutos y el uruguayo Giorgian De Arrascaeta puso la segunda anotaci\u00f3n a los 26, mientras que el argentino Emmanuel Mart\u00ednez (48) marc\u00f3 para el Barcelona.<\/span><\/p>\n<p><span style=\"color: #000000;\">\u00abFeliz por los tres puntos, por la forma que fue el juego y tambi\u00e9n el prejuego, que fue muy intenso ( &#8230;) hoy mostramos el poder que tiene Flamengo\u00bb, dijo Pedro al canal del equipo tras el partido.<\/span><\/p>\n<p><span style=\"color: #000000;\">El Fla suma 9 puntos y definir\u00e1 la serie con dos juegos en Rio de Janeiro. El martes pr\u00f3ximo recibir\u00e1 a Independiente del Valle, tambi\u00e9n con 9 puntos, que en la jornada sufri\u00f3 una dura derrota 4-1 en su visita al colombiano Junior.<\/span><\/p>\n<p><span style=\"color: #000000;\">Junior marcha tercero con seis puntos y Barcelona sin unidades ya est\u00e1 eliminado.<\/span><\/p>\n<blockquote class=\"twitter-tweet\">\n<p dir=\"ltr\" lang=\"en\">\ud83d\ude0d \u00a1Los 4\u20e3 golazos del martes en la <a href=\"https:\/\/twitter.com\/hashtag\/Libertadores?src=hash&amp;ref_src=twsrc%5Etfw\">#Libertadores<\/a>!<\/p>\n<p>1\u20e3 Billy Arce (<a href=\"https:\/\/twitter.com\/LDU_Oficial?ref_src=twsrc%5Etfw\">@LDU_Oficial<\/a>)<br \/>\n2\u20e3 Nacho Fern\u00e1ndez (<a href=\"https:\/\/twitter.com\/RiverPlate?ref_src=twsrc%5Etfw\">@RiverPlate<\/a>)<br \/>\n3\u20e3 Fredy Hinestroza (<a href=\"https:\/\/twitter.com\/JuniorClubSA?ref_src=twsrc%5Etfw\">@JuniorClubSA<\/a>)<br \/>\n4\u20e3 Jhojan Julio (<a href=\"https:\/\/twitter.com\/LDU_Oficial?ref_src=twsrc%5Etfw\">@LDU_Oficial<\/a>) <a href=\"https:\/\/t.co\/teTBsyIUay\">pic.twitter.com\/teTBsyIUay<\/a><\/p>\n<p>\u2014 CONMEBOL Libertadores (@Libertadores) <a href=\"https:\/\/twitter.com\/Libertadores\/status\/1308630025688805376?ref_src=twsrc%5Etfw\">September 23, 2020<\/a><\/p><\/blockquote>\n<p><script async src=\"https:\/\/platform.twitter.com\/widgets.js\" charset=\"utf-8\"><\/script><\/p>\n","protected":false},"excerpt":{"rendered":"<p>La cuarta jornada contin\u00faa hoy y pueden salir m\u00e1s clasificados a octavos de final Lima, 23 Setiembre, (ANDINA).- Flamengo resurgi\u00f3 y venci\u00f3 2-1 de visita a Barcelona de Ecuador este martes en un duelo que estuvo en riesgo por siete casos de covid-19 de jugadores del equipo brasile\u00f1o, en una jornada de Copa Libertadores-2020 que [&hellip;]<\/p>\n","protected":false},"author":1,"featured_media":82802,"comment_status":"open","ping_status":"open","sticky":false,"template":"","format":"standard","meta":{"rop_custom_images_group":[],"rop_custom_messages_group":[],"rop_publish_now":"initial","rop_publish_now_accounts":[],"rop_publish_now_history":[],"rop_publish_now_status":"pending","footnotes":""},"categories":[8],"tags":[5059],"class_list":["post-82801","post","type-post","status-publish","format-standard","has-post-thumbnail","hentry","category-disciplinas-deportivas","tag-copa-libertadores-2020"],"_links":{"self":[{"href":"https:\/\/elinformanteperu.com\/index.php\/wp-json\/wp\/v2\/posts\/82801","targetHints":{"allow":["GET"]}}],"collection":[{"href":"https:\/\/elinformanteperu.com\/index.php\/wp-json\/wp\/v2\/posts"}],"about":[{"href":"https:\/\/elinformanteperu.com\/index.php\/wp-json\/wp\/v2\/types\/post"}],"author":[{"embeddable":true,"href":"https:\/\/elinformanteperu.com\/index.php\/wp-json\/wp\/v2\/users\/1"}],"replies":[{"embeddable":true,"href":"https:\/\/elinformanteperu.com\/index.php\/wp-json\/wp\/v2\/comments?post=82801"}],"version-history":[{"count":1,"href":"https:\/\/elinformanteperu.com\/index.php\/wp-json\/wp\/v2\/posts\/82801\/revisions"}],"predecessor-version":[{"id":82803,"href":"https:\/\/elinformanteperu.com\/index.php\/wp-json\/wp\/v2\/posts\/82801\/revisions\/82803"}],"wp:featuredmedia":[{"embeddable":true,"href":"https:\/\/elinformanteperu.com\/index.php\/wp-json\/wp\/v2\/media\/82802"}],"wp:attachment":[{"href":"https:\/\/elinformanteperu.com\/index.php\/wp-json\/wp\/v2\/media?parent=82801"}],"wp:term":[{"taxonomy":"category","embeddable":true,"href":"https:\/\/elinformanteperu.com\/index.php\/wp-json\/wp\/v2\/categories?post=82801"},{"taxonomy":"post_tag","embeddable":true,"href":"https:\/\/elinformanteperu.com\/index.php\/wp-json\/wp\/v2\/tags?post=82801"}],"curies":[{"name":"wp","href":"https:\/\/api.w.org\/{rel}","templated":true}]}}