{"id":82788,"date":"2020-09-23T00:23:02","date_gmt":"2020-09-23T05:23:02","guid":{"rendered":"https:\/\/elinformanteperu.com\/?p=82788"},"modified":"2020-09-23T00:23:02","modified_gmt":"2020-09-23T05:23:02","slug":"fiscal-de-la-nacion-hay-sectores-interesados-en-hacer-caer-caso-cuellos-blancos","status":"publish","type":"post","link":"https:\/\/elinformanteperu.com\/index.php\/2020\/09\/23\/fiscal-de-la-nacion-hay-sectores-interesados-en-hacer-caer-caso-cuellos-blancos\/","title":{"rendered":"Fiscal de la Naci\u00f3n: Hay sectores interesados en hacer caer caso Cuellos Blancos"},"content":{"rendered":"<p><span style=\"color: #000000;\"><strong>Lima, 22 Setiembre, (ANDINA).-<\/strong> La fiscal de la Naci\u00f3n, Zoraida \u00c1valos, se\u00f1al\u00f3 que hay sectores interesados en desprestigiar la labor que se realiza en el Ministerio P\u00fablico con la intenci\u00f3n de hacer caer los casos Cuellos Blancos y Lava Jato.<\/span><\/p>\n<p><span style=\"color: #000000;\">Avalos expres\u00f3 su preocupaci\u00f3n por la aparici\u00f3n de diversas versiones falsas y mal intencionadas que buscan desprestigiar su trayectoria laboral y la de fiscales comprometidos en la lucha contra la corrupci\u00f3n, como Jos\u00e9 Domingo P\u00e9rez.<\/span><\/p>\n<p><span style=\"color: #000000;\">\u00abEs penoso que tengamos que pasar por esto, creo todas luces se pretender deslegitimar el trabajo que estamos haciendo, desprestigiarnos, porque quieren que el caso Cuellos Blancos caiga. Al involucrar al doctor Jos\u00e9 Domingo P\u00e9rez quieren el caso Lava Jato caiga. \u00bfNo es mucha coincidencia? Las casualidades no existen\u00bb, remarc\u00f3 anoche en Canal N.<\/span><\/p>\n<p><span style=\"color: #000000;\">\u00c1valos descart\u00f3 haber sido favorecida en su carrera por las influencias del exasesor del partido pol\u00edtico Podemos Per\u00fa, Jos\u00e9 Luis Cavassa, quien ha sido vinculado al caso Cuellos Blancos .<\/span><\/p>\n<p><span style=\"color: #000000;\">\u201cNo fui nombrada por el Consejo de la Magistratura vinculado a los Cuellos Blancos. Yo fui nombrada hace siete a\u00f1os por el consejo anterior, que no tiene cuestionamientos\u201d, asever\u00f3.<\/span><\/p>\n<p><span style=\"color: #000000;\">Remarc\u00f3 que por el contrario, durante su gesti\u00f3n se ha fortalecido al equipo de trabajo que investiga el caso Cuellos Blancos.<\/span><\/p>\n<p><span style=\"color: #000000;\">Adem\u00e1s, la titular de la Fiscal\u00eda de la Naci\u00f3n rechaz\u00f3 la versi\u00f3n de Karem Roca, quien se\u00f1ala que \u00c1valos estar\u00eda armando un complot en contra de los congresistas Edgar Alarc\u00f3n de Uni\u00f3n por el Per\u00fa (UPP) y Omar Chehade de Alianza para el Progreso (APP).<\/span><\/p>\n<p><span style=\"color: #000000;\">\u201cMiente cuando dice que odio al congresista Alarc\u00f3n y Chehade. Con Chehade no hay ninguna carpeta en mi despacho. Contra Alarc\u00f3n hay tres denuncias que he presentado. Son de la gesti\u00f3n de Pablo S\u00e1nchez, (Pedro) Ch\u00e1varry y una de mi parte. Son sustentadas, no son de mi imaginaci\u00f3n\u201d, precis\u00f3.<\/span><\/p>\n<p><span style=\"color: #000000;\">En otro momento, indic\u00f3 que la Fiscal\u00eda de la Naci\u00f3n no puede investigar a un presidente de la Rep\u00fablica mientras permanezca en el cargo, pero eso no impide que se est\u00e9n recogiendo indicios, testimonios y documentos sobre el caso relacionado a Ricardo Cisneros.<\/span><\/p>\n","protected":false},"excerpt":{"rendered":"<p>Lima, 22 Setiembre, (ANDINA).- La fiscal de la Naci\u00f3n, Zoraida \u00c1valos, se\u00f1al\u00f3 que hay sectores interesados en desprestigiar la labor que se realiza en el Ministerio P\u00fablico con la intenci\u00f3n de hacer caer los casos Cuellos Blancos y Lava Jato. Avalos expres\u00f3 su preocupaci\u00f3n por la aparici\u00f3n de diversas versiones falsas y mal intencionadas que [&hellip;]<\/p>\n","protected":false},"author":1,"featured_media":41232,"comment_status":"open","ping_status":"open","sticky":false,"template":"","format":"standard","meta":{"rop_custom_images_group":[],"rop_custom_messages_group":[],"rop_publish_now":"initial","rop_publish_now_accounts":[],"rop_publish_now_history":[],"rop_publish_now_status":"pending","footnotes":""},"categories":[5],"tags":[430,370,3426],"class_list":["post-82788","post","type-post","status-publish","format-standard","has-post-thumbnail","hentry","category-actualidad-informativa","tag-fiscalia","tag-ministerio-publico","tag-zoraida-avalos"],"_links":{"self":[{"href":"https:\/\/elinformanteperu.com\/index.php\/wp-json\/wp\/v2\/posts\/82788","targetHints":{"allow":["GET"]}}],"collection":[{"href":"https:\/\/elinformanteperu.com\/index.php\/wp-json\/wp\/v2\/posts"}],"about":[{"href":"https:\/\/elinformanteperu.com\/index.php\/wp-json\/wp\/v2\/types\/post"}],"author":[{"embeddable":true,"href":"https:\/\/elinformanteperu.com\/index.php\/wp-json\/wp\/v2\/users\/1"}],"replies":[{"embeddable":true,"href":"https:\/\/elinformanteperu.com\/index.php\/wp-json\/wp\/v2\/comments?post=82788"}],"version-history":[{"count":1,"href":"https:\/\/elinformanteperu.com\/index.php\/wp-json\/wp\/v2\/posts\/82788\/revisions"}],"predecessor-version":[{"id":82789,"href":"https:\/\/elinformanteperu.com\/index.php\/wp-json\/wp\/v2\/posts\/82788\/revisions\/82789"}],"wp:featuredmedia":[{"embeddable":true,"href":"https:\/\/elinformanteperu.com\/index.php\/wp-json\/wp\/v2\/media\/41232"}],"wp:attachment":[{"href":"https:\/\/elinformanteperu.com\/index.php\/wp-json\/wp\/v2\/media?parent=82788"}],"wp:term":[{"taxonomy":"category","embeddable":true,"href":"https:\/\/elinformanteperu.com\/index.php\/wp-json\/wp\/v2\/categories?post=82788"},{"taxonomy":"post_tag","embeddable":true,"href":"https:\/\/elinformanteperu.com\/index.php\/wp-json\/wp\/v2\/tags?post=82788"}],"curies":[{"name":"wp","href":"https:\/\/api.w.org\/{rel}","templated":true}]}}