{"id":8257,"date":"2017-04-11T00:19:47","date_gmt":"2017-04-11T05:19:47","guid":{"rendered":"http:\/\/elinformanteperu.com\/?p=8257"},"modified":"2017-04-11T00:19:47","modified_gmt":"2017-04-11T05:19:47","slug":"moreno-fue-trasladado-de-la-carceleta-del-pj-al-penal-ancon-i","status":"publish","type":"post","link":"https:\/\/elinformanteperu.com\/index.php\/2017\/04\/11\/moreno-fue-trasladado-de-la-carceleta-del-pj-al-penal-ancon-i\/","title":{"rendered":"Moreno fue trasladado de la carceleta del PJ al penal Anc\u00f3n I"},"content":{"rendered":"<p><span style=\"color: #000000;\"><strong>En medio de un gran despliegue policial el gobernador regional del Callao, F\u00e9lix Moreno, fue trasladado al establecimiento penitenciario Anc\u00f3n I, al norte de Lima.<\/strong><\/span><\/p>\n<p><span style=\"color: #000000;\"><strong>Lima, 10 Abril 2017, (ANDINA).-<\/strong> En medio de un gran despliegue policial el gobernador regional del Callao, F\u00e9lix Moreno, fue trasladado de la carceleta del Palacio de Justicia al establecimiento penitenciario Anc\u00f3n I, al norte de Lima.<\/span><\/p>\n<p><span style=\"color: #000000;\">Vestido con un polo claro, con lentes, portando dos bolsas pl\u00e1sticas y marrocas en sus mu\u00f1ecas, Moreno subi\u00f3 r\u00e1pidamente a la camioneta del Instituto Nacional Penitenciario que lo traslad\u00f3 a Anc\u00f3n.<\/span><\/p>\n<p><span style=\"color: #000000;\">Moreno cumple prisi\u00f3n preventiva por 18 meses dispuesta el s\u00e1bado pasado luego que el juez Ricardo Manrique Laura, del Tercer Juzgado de Investigaci\u00f3n Preparatoria acogiera el pedido la Fiscal\u00eda que le atribuye haberse beneficiado de una presunta coima de la empresa Odebrecht, por la concesi\u00f3n de un tramo de la Costa Verde.<\/span><\/p>\n<p><span style=\"color: #000000;\">El magistrado consider\u00f3 v\u00e1lida la declaraci\u00f3n del colaborador eficaz Gil Shavit, quien se\u00f1al\u00f3 que la autoridad regional recibi\u00f3 una coima de 2.4 millones de d\u00f3lares.<\/span><\/p>\n<p><span style=\"color: #000000;\">La Fiscal\u00eda acus\u00f3 a Moreno de los presuntos delitos de lavado de activos y tr\u00e1fico de influencias.<\/span><\/p>\n<p><span style=\"color: #000000;\">El Ministerio P\u00fablico sostiene que el gobernador regional habr\u00eda influido para que la empresa Odebrecht se beneficie con la licitaci\u00f3n de la Costa Verde, en el tramo del Callao.<\/span><\/p>\n","protected":false},"excerpt":{"rendered":"<p>En medio de un gran despliegue policial el gobernador regional del Callao, F\u00e9lix Moreno, fue trasladado al establecimiento penitenciario Anc\u00f3n I, al norte de Lima. Lima, 10 Abril 2017, (ANDINA).- En medio de un gran despliegue policial el gobernador regional del Callao, F\u00e9lix Moreno, fue trasladado de la carceleta del Palacio de Justicia al establecimiento [&hellip;]<\/p>\n","protected":false},"author":1,"featured_media":8258,"comment_status":"open","ping_status":"open","sticky":false,"template":"","format":"standard","meta":{"rop_custom_images_group":[],"rop_custom_messages_group":[],"rop_publish_now":"initial","rop_publish_now_accounts":[],"rop_publish_now_history":[],"rop_publish_now_status":"pending","footnotes":""},"categories":[5],"tags":[331,330,619],"class_list":["post-8257","post","type-post","status-publish","format-standard","has-post-thumbnail","hentry","category-actualidad-informativa","tag-felix-moreno","tag-gobierno-regional-del-callao","tag-odebrecht"],"_links":{"self":[{"href":"https:\/\/elinformanteperu.com\/index.php\/wp-json\/wp\/v2\/posts\/8257","targetHints":{"allow":["GET"]}}],"collection":[{"href":"https:\/\/elinformanteperu.com\/index.php\/wp-json\/wp\/v2\/posts"}],"about":[{"href":"https:\/\/elinformanteperu.com\/index.php\/wp-json\/wp\/v2\/types\/post"}],"author":[{"embeddable":true,"href":"https:\/\/elinformanteperu.com\/index.php\/wp-json\/wp\/v2\/users\/1"}],"replies":[{"embeddable":true,"href":"https:\/\/elinformanteperu.com\/index.php\/wp-json\/wp\/v2\/comments?post=8257"}],"version-history":[{"count":1,"href":"https:\/\/elinformanteperu.com\/index.php\/wp-json\/wp\/v2\/posts\/8257\/revisions"}],"predecessor-version":[{"id":8259,"href":"https:\/\/elinformanteperu.com\/index.php\/wp-json\/wp\/v2\/posts\/8257\/revisions\/8259"}],"wp:featuredmedia":[{"embeddable":true,"href":"https:\/\/elinformanteperu.com\/index.php\/wp-json\/wp\/v2\/media\/8258"}],"wp:attachment":[{"href":"https:\/\/elinformanteperu.com\/index.php\/wp-json\/wp\/v2\/media?parent=8257"}],"wp:term":[{"taxonomy":"category","embeddable":true,"href":"https:\/\/elinformanteperu.com\/index.php\/wp-json\/wp\/v2\/categories?post=8257"},{"taxonomy":"post_tag","embeddable":true,"href":"https:\/\/elinformanteperu.com\/index.php\/wp-json\/wp\/v2\/tags?post=8257"}],"curies":[{"name":"wp","href":"https:\/\/api.w.org\/{rel}","templated":true}]}}