{"id":8159,"date":"2017-04-09T22:39:41","date_gmt":"2017-04-10T03:39:41","guid":{"rendered":"http:\/\/elinformanteperu.com\/?p=8159"},"modified":"2017-04-09T22:39:41","modified_gmt":"2017-04-10T03:39:41","slug":"region-tacna-sigue-registrando-la-temperatura-mas-baja-del-pais","status":"publish","type":"post","link":"https:\/\/elinformanteperu.com\/index.php\/2017\/04\/09\/region-tacna-sigue-registrando-la-temperatura-mas-baja-del-pais\/","title":{"rendered":"Regi\u00f3n Tacna sigue registrando la temperatura m\u00e1s baja del pa\u00eds"},"content":{"rendered":"<p><span style=\"color: #000000;\"><strong>La provincia de Tarata, en la regi\u00f3n Tacna, registr\u00f3 la m\u00e1s baja temperatura a nivel nacional, al reportar la estaci\u00f3n Chuapalca -6.5 grados celsius<\/strong><\/span><\/p>\n<p><span style=\"color: #000000;\"><strong>Lima, 09 Abril 2017, (ANDINA).-<\/strong> La provincia de Tarata, en la regi\u00f3n Tacna, registr\u00f3 la m\u00e1s baja temperatura a nivel nacional, al reportar la estaci\u00f3n Chuapalca -6.5 grados celsius, inform\u00f3 el Servicio Nacional de Meteorolog\u00eda e Hidrolog\u00eda (Senamhi), tal como consigna el Centro de Operaciones de Emergencia Nacional (COEN).<\/span><\/p>\n<p><span style=\"color: #000000;\">En Arequipa, la provincia de Caylloma report\u00f3 una m\u00ednima de -6.2 grados celsius en la estaci\u00f3n Patahuasi.<\/span><\/p>\n<p><span style=\"color: #000000;\">Asimismo, en Apur\u00edmac, la provincia de Andahuaylas registr\u00f3 una temperatura m\u00ednima de -5.6 grados celsius en la estaci\u00f3n Bocatoma.<\/span><\/p>\n<p><span style=\"color: #000000;\">En tanto, el Senamhi report\u00f3 que la temperatura m\u00e1s alta contin\u00faa present\u00e1ndose en el departamento de Hu\u00e1nuco, con valores de hasta 37.2 grados celsius, seguido de Bagua, en Amazonas, que registr\u00f3 una m\u00e1xima de 35,9 grados celsius.<\/span><\/p>\n<p><span style=\"color: #000000;\"><strong>Lluvias<\/strong><\/span><\/p>\n<p><span style=\"color: #000000;\">En cuanto a las lluvias, el COEN indica que se iniciaron las precipitaciones en la vertiente occidental norte (Cajamarca, La Libertad) y centro (\u00c1ncash), presentando lluvias de ligera a moderada intensidad.<\/span><\/p>\n<p><span style=\"color: #000000;\">A\u00f1ade que hacia la selva centro y sur las lluvias se intensifican, y est\u00e1n acompa\u00f1adas de descargas el\u00e9ctricas.<\/span><\/p>\n<p><span style=\"color: #000000;\">En las pr\u00f3ximas horas se prev\u00e9 que las precipitaciones en la sierra centro y norte se intensificar\u00e1n. Asimismo, las lluvias en la selva centro y sur permanecer\u00e1n constantes.<\/span><\/p>\n<p><span style=\"color: #000000;\"><strong>Pron\u00f3stico de lluvias hasta las 00:00 horas<\/strong><\/span><\/p>\n<p><span style=\"color: #000000;\">Hasta las 00:00 horas se presentar\u00edan precipitaciones de moderada a fuerte intensidad con descargas el\u00e9ctricas, en los departamentos de Tumbes, Piura, Cajamarca, Amazonas, San Mart\u00edn, Ucayali, Hu\u00e1nuco, Pasco, Jun\u00edn, Ayacucho, Cusco, Puno y Madre de Dios.<\/span><\/p>\n","protected":false},"excerpt":{"rendered":"<p>La provincia de Tarata, en la regi\u00f3n Tacna, registr\u00f3 la m\u00e1s baja temperatura a nivel nacional, al reportar la estaci\u00f3n Chuapalca -6.5 grados celsius Lima, 09 Abril 2017, (ANDINA).- La provincia de Tarata, en la regi\u00f3n Tacna, registr\u00f3 la m\u00e1s baja temperatura a nivel nacional, al reportar la estaci\u00f3n Chuapalca -6.5 grados celsius, inform\u00f3 el [&hellip;]<\/p>\n","protected":false},"author":1,"featured_media":8160,"comment_status":"open","ping_status":"open","sticky":false,"template":"","format":"standard","meta":{"rop_custom_images_group":[],"rop_custom_messages_group":[],"rop_publish_now":"initial","rop_publish_now_accounts":[],"rop_publish_now_history":[],"rop_publish_now_status":"pending","footnotes":""},"categories":[10],"tags":[843,1351,514],"class_list":["post-8159","post","type-post","status-publish","format-standard","has-post-thumbnail","hentry","category-actualidad-municipal","tag-coen","tag-region-tacna","tag-senamhi"],"_links":{"self":[{"href":"https:\/\/elinformanteperu.com\/index.php\/wp-json\/wp\/v2\/posts\/8159","targetHints":{"allow":["GET"]}}],"collection":[{"href":"https:\/\/elinformanteperu.com\/index.php\/wp-json\/wp\/v2\/posts"}],"about":[{"href":"https:\/\/elinformanteperu.com\/index.php\/wp-json\/wp\/v2\/types\/post"}],"author":[{"embeddable":true,"href":"https:\/\/elinformanteperu.com\/index.php\/wp-json\/wp\/v2\/users\/1"}],"replies":[{"embeddable":true,"href":"https:\/\/elinformanteperu.com\/index.php\/wp-json\/wp\/v2\/comments?post=8159"}],"version-history":[{"count":1,"href":"https:\/\/elinformanteperu.com\/index.php\/wp-json\/wp\/v2\/posts\/8159\/revisions"}],"predecessor-version":[{"id":8161,"href":"https:\/\/elinformanteperu.com\/index.php\/wp-json\/wp\/v2\/posts\/8159\/revisions\/8161"}],"wp:featuredmedia":[{"embeddable":true,"href":"https:\/\/elinformanteperu.com\/index.php\/wp-json\/wp\/v2\/media\/8160"}],"wp:attachment":[{"href":"https:\/\/elinformanteperu.com\/index.php\/wp-json\/wp\/v2\/media?parent=8159"}],"wp:term":[{"taxonomy":"category","embeddable":true,"href":"https:\/\/elinformanteperu.com\/index.php\/wp-json\/wp\/v2\/categories?post=8159"},{"taxonomy":"post_tag","embeddable":true,"href":"https:\/\/elinformanteperu.com\/index.php\/wp-json\/wp\/v2\/tags?post=8159"}],"curies":[{"name":"wp","href":"https:\/\/api.w.org\/{rel}","templated":true}]}}