{"id":81132,"date":"2020-08-30T13:22:17","date_gmt":"2020-08-30T18:22:17","guid":{"rendered":"https:\/\/elinformanteperu.com\/?p=81132"},"modified":"2020-08-30T13:22:17","modified_gmt":"2020-08-30T18:22:17","slug":"programa-juntos-adelantara-doble-pago-a-mas-de-696000-familias-usuarias-a-nivel-nacional","status":"publish","type":"post","link":"https:\/\/elinformanteperu.com\/index.php\/2020\/08\/30\/programa-juntos-adelantara-doble-pago-a-mas-de-696000-familias-usuarias-a-nivel-nacional\/","title":{"rendered":"Programa Juntos adelantar\u00e1 doble pago a m\u00e1s de 696,000 familias usuarias a nivel nacional"},"content":{"rendered":"<p><strong><span style=\"color: #000000;\">A partir de este 31 de agosto<\/span><\/strong><\/p>\n<p><span style=\"color: #000000;\"><strong>Lima, 30 Agosto, (ANDINA).-<\/strong> El programa Juntos del Ministerio de Desarrollo e Inclusi\u00f3n Social (Midis) realizar\u00e1 a partir de este 31 de agosto, un pago doble a 696 129 familias usuarias, con el objetivo de dotar a las poblaciones m\u00e1s vulnerables del pa\u00eds de los recursos necesarios para hacer frente a la emergencia sanitaria decretada por el Gobierno.<\/span><\/p>\n<p><span style=\"color: #000000;\">A trav\u00e9s de un decreto supremo publicado en el diario oficial El Peruano, se autoriz\u00f3 a Juntos a adelantar las transferencias monetarias correspondientes a los bimestres IV (julio-agosto) y V (setiembre-octubre) del a\u00f1o 2020.<\/span><\/p>\n<p><span style=\"color: #000000;\">La norma se\u00f1ala que, en virtud de la emergencia sanitaria, resulta pertinente adoptar medidas extraordinarias que permitan a las familias en situaci\u00f3n de pobreza y pobreza extrema, atendidas por el programa Juntos, \u201ccontar con recursos inmediatos para implementar acciones preventivas que contribuyan con su bienestar general, adem\u00e1s de minimizar situaciones de riesgo potencial\u201d.<\/span><\/p>\n<p><span style=\"color: #000000;\">A fin de cumplir con las medidas de distanciamiento social dispuestas por el Ejecutivo para prevenir la propagaci\u00f3n de la covid-19, se establecer\u00e1 un cronograma de pago escalonado que evite aglomeraciones.<\/span><\/p>\n<p><span style=\"color: #000000;\">Para conocer las fechas exactas de pago, los usuarios pueden ingresar al aplicativo Mi Juntos, llamar desde cualquier parte del pa\u00eds a la l\u00ednea gratuita 1880 o comunicarse con el gestor local de su zona.<\/span><\/p>\n<p><span style=\"color: #000000;\">El programa social exhorta a las familias usuarias cumplir las disposiciones del Gobierno respecto al distanciamiento social, se recomienda acudir al banco sin compa\u00f1\u00eda y verificar previamente la fecha en que les corresponde cobrar.<\/span><\/p>\n<p><span style=\"color: #000000;\">Asimismo, el programa recuerda que las familias usuarias que tengan una tarjeta de d\u00e9bito, pueden realizar su cobro en los agentes corresponsales o cajeros autom\u00e1ticos m\u00e1s cercanos a su localidad, cuando lo consideren necesario.<\/span><\/p>\n<p><span style=\"color: #000000;\">Cabe recordar que Juntos entrega un incentivo monetario a sus familias usuarias, siempre y cuando cumplan con llevar a sus hijas e hijos a los centros de salud, enviarlos al colegio, y en el caso de las gestantes, cumplir sus controles prenatales. Sin embargo, en el marco de la pandemia, estas corresponsabilidades est\u00e1n suspendidas.<\/span><\/p>\n","protected":false},"excerpt":{"rendered":"<p>A partir de este 31 de agosto Lima, 30 Agosto, (ANDINA).- El programa Juntos del Ministerio de Desarrollo e Inclusi\u00f3n Social (Midis) realizar\u00e1 a partir de este 31 de agosto, un pago doble a 696 129 familias usuarias, con el objetivo de dotar a las poblaciones m\u00e1s vulnerables del pa\u00eds de los recursos necesarios para [&hellip;]<\/p>\n","protected":false},"author":1,"featured_media":81133,"comment_status":"open","ping_status":"open","sticky":false,"template":"","format":"standard","meta":{"rop_custom_images_group":[],"rop_custom_messages_group":[],"rop_publish_now":"initial","rop_publish_now_accounts":[],"rop_publish_now_history":[],"rop_publish_now_status":"pending","footnotes":""},"categories":[10],"tags":[153,6083],"class_list":["post-81132","post","type-post","status-publish","format-standard","has-post-thumbnail","hentry","category-actualidad-municipal","tag-midis","tag-programa-juntos"],"_links":{"self":[{"href":"https:\/\/elinformanteperu.com\/index.php\/wp-json\/wp\/v2\/posts\/81132","targetHints":{"allow":["GET"]}}],"collection":[{"href":"https:\/\/elinformanteperu.com\/index.php\/wp-json\/wp\/v2\/posts"}],"about":[{"href":"https:\/\/elinformanteperu.com\/index.php\/wp-json\/wp\/v2\/types\/post"}],"author":[{"embeddable":true,"href":"https:\/\/elinformanteperu.com\/index.php\/wp-json\/wp\/v2\/users\/1"}],"replies":[{"embeddable":true,"href":"https:\/\/elinformanteperu.com\/index.php\/wp-json\/wp\/v2\/comments?post=81132"}],"version-history":[{"count":1,"href":"https:\/\/elinformanteperu.com\/index.php\/wp-json\/wp\/v2\/posts\/81132\/revisions"}],"predecessor-version":[{"id":81134,"href":"https:\/\/elinformanteperu.com\/index.php\/wp-json\/wp\/v2\/posts\/81132\/revisions\/81134"}],"wp:featuredmedia":[{"embeddable":true,"href":"https:\/\/elinformanteperu.com\/index.php\/wp-json\/wp\/v2\/media\/81133"}],"wp:attachment":[{"href":"https:\/\/elinformanteperu.com\/index.php\/wp-json\/wp\/v2\/media?parent=81132"}],"wp:term":[{"taxonomy":"category","embeddable":true,"href":"https:\/\/elinformanteperu.com\/index.php\/wp-json\/wp\/v2\/categories?post=81132"},{"taxonomy":"post_tag","embeddable":true,"href":"https:\/\/elinformanteperu.com\/index.php\/wp-json\/wp\/v2\/tags?post=81132"}],"curies":[{"name":"wp","href":"https:\/\/api.w.org\/{rel}","templated":true}]}}