{"id":81129,"date":"2020-08-30T13:19:39","date_gmt":"2020-08-30T18:19:39","guid":{"rendered":"https:\/\/elinformanteperu.com\/?p=81129"},"modified":"2020-08-30T13:19:39","modified_gmt":"2020-08-30T18:19:39","slug":"pcm-hoy-es-domingo-de-inmovilizacion-social-en-todo-el-pais","status":"publish","type":"post","link":"https:\/\/elinformanteperu.com\/index.php\/2020\/08\/30\/pcm-hoy-es-domingo-de-inmovilizacion-social-en-todo-el-pais\/","title":{"rendered":"PCM: Hoy es domingo de inmovilizaci\u00f3n social en todo el pa\u00eds"},"content":{"rendered":"<p><span style=\"color: #000000;\"><strong>Lima, 30 Agosto, (ANDINA).-<\/strong> La Presidencia del Consejo de Ministros (PCM) record\u00f3 que hoy es domingo de inmovilizaci\u00f3n social a nivel nacional durante todo el d\u00eda hasta las 04.00 horas de ma\u00f1ana,lunes, seg\u00fan el decreto supremo que estableci\u00f3 la pr\u00f3rroga del estado de emergencia y la cuarentena focalizada hasta el 30 de setiembre por la pandemia del covid-19.<\/span><\/p>\n<p><span style=\"color: #000000;\">Se except\u00faa de la medida al personal estrictamente necesario para la prestaci\u00f3n de servicios de abastecimiento de alimentos, salud, medicinas, servicios financieros y servicio de restaurante para entrega a domicilio (delivery).<\/span><\/p>\n<p><span style=\"color: #000000;\">Asimismo, el Gobierno dispuso que las reuniones sociales, incluyendo las que se realizan en los domicilios y visitas familiares, se encuentran prohibidas por razones de salud y a efectos de evitar el incremento de los contagios.<\/span><\/p>\n<p><span style=\"color: #000000;\">De igual manera, se establece que los ni\u00f1os, ni\u00f1as y adolescentes menores de 14 a\u00f1os que deben permanecer en su domicilio.<\/span><\/p>\n<p><span style=\"color: #000000;\">Las personas en grupos de riesgo, como los adultos mayores de 65 a\u00f1os y los que presenten comorbilidades, de acuerdo a lo se\u00f1alado por la Autoridad Sanitaria Nacional, tampoco pueden salir de su domicilio.<\/span><\/p>\n<p><span style=\"color: #000000;\">\u00ab(&#8230;) Excepcionalmente, lo podr\u00e1n hacer conforme lo se\u00f1alado en las citadas normas y no deben recibir visitas en su domicilio debiendo evitar el contacto f\u00edsico con las personas que se desplazan fuera del domicilio\u00bb, precisa el D.S. N\u00b0 146-2020-PCM.<\/span><\/p>\n","protected":false},"excerpt":{"rendered":"<p>Lima, 30 Agosto, (ANDINA).- La Presidencia del Consejo de Ministros (PCM) record\u00f3 que hoy es domingo de inmovilizaci\u00f3n social a nivel nacional durante todo el d\u00eda hasta las 04.00 horas de ma\u00f1ana,lunes, seg\u00fan el decreto supremo que estableci\u00f3 la pr\u00f3rroga del estado de emergencia y la cuarentena focalizada hasta el 30 de setiembre por la [&hellip;]<\/p>\n","protected":false},"author":1,"featured_media":81130,"comment_status":"open","ping_status":"open","sticky":false,"template":"","format":"standard","meta":{"rop_custom_images_group":[],"rop_custom_messages_group":[],"rop_publish_now":"initial","rop_publish_now_accounts":[],"rop_publish_now_history":[],"rop_publish_now_status":"pending","footnotes":""},"categories":[10,5745],"tags":[5374],"class_list":["post-81129","post","type-post","status-publish","format-standard","has-post-thumbnail","hentry","category-actualidad-municipal","category-lo-ultimo","tag-peru-estado-de-emergencia"],"_links":{"self":[{"href":"https:\/\/elinformanteperu.com\/index.php\/wp-json\/wp\/v2\/posts\/81129","targetHints":{"allow":["GET"]}}],"collection":[{"href":"https:\/\/elinformanteperu.com\/index.php\/wp-json\/wp\/v2\/posts"}],"about":[{"href":"https:\/\/elinformanteperu.com\/index.php\/wp-json\/wp\/v2\/types\/post"}],"author":[{"embeddable":true,"href":"https:\/\/elinformanteperu.com\/index.php\/wp-json\/wp\/v2\/users\/1"}],"replies":[{"embeddable":true,"href":"https:\/\/elinformanteperu.com\/index.php\/wp-json\/wp\/v2\/comments?post=81129"}],"version-history":[{"count":1,"href":"https:\/\/elinformanteperu.com\/index.php\/wp-json\/wp\/v2\/posts\/81129\/revisions"}],"predecessor-version":[{"id":81131,"href":"https:\/\/elinformanteperu.com\/index.php\/wp-json\/wp\/v2\/posts\/81129\/revisions\/81131"}],"wp:featuredmedia":[{"embeddable":true,"href":"https:\/\/elinformanteperu.com\/index.php\/wp-json\/wp\/v2\/media\/81130"}],"wp:attachment":[{"href":"https:\/\/elinformanteperu.com\/index.php\/wp-json\/wp\/v2\/media?parent=81129"}],"wp:term":[{"taxonomy":"category","embeddable":true,"href":"https:\/\/elinformanteperu.com\/index.php\/wp-json\/wp\/v2\/categories?post=81129"},{"taxonomy":"post_tag","embeddable":true,"href":"https:\/\/elinformanteperu.com\/index.php\/wp-json\/wp\/v2\/tags?post=81129"}],"curies":[{"name":"wp","href":"https:\/\/api.w.org\/{rel}","templated":true}]}}