{"id":81122,"date":"2020-08-30T12:50:11","date_gmt":"2020-08-30T17:50:11","guid":{"rendered":"https:\/\/elinformanteperu.com\/?p=81122"},"modified":"2020-08-30T12:50:38","modified_gmt":"2020-08-30T17:50:38","slug":"coronavirus-realizan-tamizaje-a-integrantes-de-comedores-populares-de-chimbote","status":"publish","type":"post","link":"https:\/\/elinformanteperu.com\/index.php\/2020\/08\/30\/coronavirus-realizan-tamizaje-a-integrantes-de-comedores-populares-de-chimbote\/","title":{"rendered":"Coronavirus: realizan tamizaje a integrantes de comedores populares de Chimbote"},"content":{"rendered":"<p><strong><span style=\"color: #000000;\">Labor coordinada entre Municipio Provincial del Santa y Redes de Salud Norte y Sur<\/span><\/strong><\/p>\n<p><span style=\"color: #000000;\"><strong>Chiclayo, 30 Agosto, (ANDINA).-<\/strong> La Municipalidad Provincial del Santa, en un trabajo coordinado con la Redes de Salud Norte y Sur realizaron pruebas r\u00e1pidas de descarte del covid-19 a las integrantes de cada uno de los 137 comedores populares de esta jurisdicci\u00f3n ancashina.<\/span><\/p>\n<p><span style=\"color: #000000;\">El jefe del \u00d3rgano Desconcentrado del Programa de Complementaci\u00f3n Alimentaria, Rafael Blas Ver\u00e1stegui, indic\u00f3 que se ha escogido, de manera aleatoria, a diez integrantes de cada uno de los comedores populares, a fin de tener una muestra de c\u00f3mo se encuentra este grupo poblacional.<\/span><\/p>\n<p><span style=\"color: #000000;\">Sostuvo que la finalidad es atender con el tamizaje a las madres de familia que realizan la preparaci\u00f3n de los alimentos en estos locales en los que se beneficia a la poblaci\u00f3n vulnerable y de bajos recursos econ\u00f3micos.<\/span><\/p>\n<p><span style=\"color: #000000;\">\u201cLa idea es evitar contagios y que los beneficiarios tengan confianza en las personas que preparan los alimentos. Adem\u00e1s, que se garantice la adecuaci\u00f3n de sus actividades cotidianas, todo ello en el marco de la reactivaci\u00f3n de los comedores populares en la provincia\u201d, subray\u00f3.<\/span><\/p>\n<p><span style=\"color: #000000;\">El funcionario dijo que el testeo se inici\u00f3 en el complejo deportivo \u201cTorito Luces\u201d y continuar\u00e1 en otros lugares, a fin de que los beneficiarios puedan tener mayor alcance a las pruebas.<\/span><\/p>\n<p><span style=\"color: #000000;\">Blas Ver\u00e1stegui record\u00f3 tambi\u00e9n que la comuna entreg\u00f3 kits para la desinfecci\u00f3n, limpieza y protecci\u00f3n personal, a fin de garantizar el cumplimiento de los protocolos sanitarios en estos locales y as\u00ed evitar la propagaci\u00f3n del coronavirus.<\/span><\/p>\n<p><span style=\"color: #000000;\">Agreg\u00f3 que los comedores populares se encuentran distribuidos en los distritos de Santa, Coishco, Moro, Macate, Samanco, C\u00e1ceres del Per\u00fa, Chimbote y Nuevo Chimbote, los cuales congregan a 6,850 integrantes.<\/span><\/p>\n","protected":false},"excerpt":{"rendered":"<p>Labor coordinada entre Municipio Provincial del Santa y Redes de Salud Norte y Sur Chiclayo, 30 Agosto, (ANDINA).- La Municipalidad Provincial del Santa, en un trabajo coordinado con la Redes de Salud Norte y Sur realizaron pruebas r\u00e1pidas de descarte del covid-19 a las integrantes de cada uno de los 137 comedores populares de esta [&hellip;]<\/p>\n","protected":false},"author":1,"featured_media":81123,"comment_status":"open","ping_status":"open","sticky":false,"template":"","format":"standard","meta":{"rop_custom_images_group":[],"rop_custom_messages_group":[],"rop_publish_now":"initial","rop_publish_now_accounts":[],"rop_publish_now_history":[],"rop_publish_now_status":"pending","footnotes":""},"categories":[10],"tags":[],"class_list":["post-81122","post","type-post","status-publish","format-standard","has-post-thumbnail","hentry","category-actualidad-municipal"],"_links":{"self":[{"href":"https:\/\/elinformanteperu.com\/index.php\/wp-json\/wp\/v2\/posts\/81122","targetHints":{"allow":["GET"]}}],"collection":[{"href":"https:\/\/elinformanteperu.com\/index.php\/wp-json\/wp\/v2\/posts"}],"about":[{"href":"https:\/\/elinformanteperu.com\/index.php\/wp-json\/wp\/v2\/types\/post"}],"author":[{"embeddable":true,"href":"https:\/\/elinformanteperu.com\/index.php\/wp-json\/wp\/v2\/users\/1"}],"replies":[{"embeddable":true,"href":"https:\/\/elinformanteperu.com\/index.php\/wp-json\/wp\/v2\/comments?post=81122"}],"version-history":[{"count":2,"href":"https:\/\/elinformanteperu.com\/index.php\/wp-json\/wp\/v2\/posts\/81122\/revisions"}],"predecessor-version":[{"id":81125,"href":"https:\/\/elinformanteperu.com\/index.php\/wp-json\/wp\/v2\/posts\/81122\/revisions\/81125"}],"wp:featuredmedia":[{"embeddable":true,"href":"https:\/\/elinformanteperu.com\/index.php\/wp-json\/wp\/v2\/media\/81123"}],"wp:attachment":[{"href":"https:\/\/elinformanteperu.com\/index.php\/wp-json\/wp\/v2\/media?parent=81122"}],"wp:term":[{"taxonomy":"category","embeddable":true,"href":"https:\/\/elinformanteperu.com\/index.php\/wp-json\/wp\/v2\/categories?post=81122"},{"taxonomy":"post_tag","embeddable":true,"href":"https:\/\/elinformanteperu.com\/index.php\/wp-json\/wp\/v2\/tags?post=81122"}],"curies":[{"name":"wp","href":"https:\/\/api.w.org\/{rel}","templated":true}]}}