{"id":81119,"date":"2020-08-30T12:11:33","date_gmt":"2020-08-30T17:11:33","guid":{"rendered":"https:\/\/elinformanteperu.com\/?p=81119"},"modified":"2020-08-30T12:11:33","modified_gmt":"2020-08-30T17:11:33","slug":"lionel-messi-no-se-presento-a-los-test-en-barcelona-y-complica-situacion","status":"publish","type":"post","link":"https:\/\/elinformanteperu.com\/index.php\/2020\/08\/30\/lionel-messi-no-se-presento-a-los-test-en-barcelona-y-complica-situacion\/","title":{"rendered":"Lionel Messi no se present\u00f3 a los test en Barcelona y complica situaci\u00f3n"},"content":{"rendered":"<p><span style=\"color: #000000;\"><strong>Lima, 30 Agosto, (ANDINA).-<\/strong> No hubo sorpresa y Leo Messi no se present\u00f3 a los test PCR programados para primera hora de la ma\u00f1ana en las instalaciones de la Ciutat Esportiva Joan Gamper.<\/span><\/p>\n<p><span style=\"color: #000000;\">As\u00ed, autom\u00e1ticamente queda descartada su participaci\u00f3n en el primer entrenamiento de la era Ronald Koeman, que tendr\u00e1 lugar este lunes a las 17.30 h.<\/span><\/p>\n<p><span style=\"color: #000000;\">Este es un cap\u00edtulo m\u00e1s del conflicto contractual entre Messi y el FC Barcelona, el cual ya se esperaba despu\u00e9s de que ayer los abogados del argentino hubiesen informado al club que este no asistir\u00eda a la cita.<\/span><\/p>\n<p><span style=\"color: #000000;\">El jugador y sus abogados consideran que ya han hecho efectiva la cl\u00e1usula liberatoria que tienen a final de cada temporada desde el 2017 y que, por lo tanto, ya no se deben al club azulgrana. En cambio, Bartomeu y su junta directiva dan por hecho que esta caduc\u00f3 el 10 de junio y hacen referencia a la cl\u00e1usula de rescisi\u00f3n de 700 millones de euros si el argentino pretende marcharse a otro club.<\/span><\/p>\n<p><span style=\"color: #000000;\">A pesar de todo, no se descarta una reuni\u00f3n entre las dos partes durante los pr\u00f3ximos d\u00edas con la intenci\u00f3n de pactar un traspaso. El Manchester City es el club mejor posicionado para hacerse con sus servicios.<\/span><\/p>\n<p><span style=\"color: #000000;\">Por otro lado, Luis Su\u00e1rez y Arturo Vidal, dos de los jugadores descartados por Koeman, han acudido a los test PCR y entrenar\u00e1n con el Barcelona hasta que se les encuentre una salida.<\/span><\/p>\n<blockquote class=\"twitter-tweet\">\n<p dir=\"ltr\" lang=\"es\">\ud83d\udccd Ciudad Deportiva<br \/>\n\u2705 Jornada de pruebas PCR<br \/>\n\ud83d\udc4b <a href=\"https:\/\/twitter.com\/3gerardpique?ref_src=twsrc%5Etfw\">@3gerardpique<\/a>, <a href=\"https:\/\/twitter.com\/AntoGriezmann?ref_src=twsrc%5Etfw\">@AntoGriezmann<\/a>, <a href=\"https:\/\/twitter.com\/SergiRoberto10?ref_src=twsrc%5Etfw\">@SergiRoberto10<\/a> &amp; <a href=\"https:\/\/twitter.com\/mterstegen1?ref_src=twsrc%5Etfw\">@mterstegen1<\/a> <a href=\"https:\/\/t.co\/vwJ4DTck1f\">pic.twitter.com\/vwJ4DTck1f<\/a><\/p>\n<p>\u2014 FC Barcelona (@FCBarcelona_es) <a href=\"https:\/\/twitter.com\/FCBarcelona_es\/status\/1300023371648970752?ref_src=twsrc%5Etfw\">August 30, 2020<\/a><\/p><\/blockquote>\n<p><script async src=\"https:\/\/platform.twitter.com\/widgets.js\" charset=\"utf-8\"><\/script><\/p>\n","protected":false},"excerpt":{"rendered":"<p>Lima, 30 Agosto, (ANDINA).- No hubo sorpresa y Leo Messi no se present\u00f3 a los test PCR programados para primera hora de la ma\u00f1ana en las instalaciones de la Ciutat Esportiva Joan Gamper. As\u00ed, autom\u00e1ticamente queda descartada su participaci\u00f3n en el primer entrenamiento de la era Ronald Koeman, que tendr\u00e1 lugar este lunes a las [&hellip;]<\/p>\n","protected":false},"author":1,"featured_media":81120,"comment_status":"open","ping_status":"open","sticky":false,"template":"","format":"standard","meta":{"rop_custom_images_group":[],"rop_custom_messages_group":[],"rop_publish_now":"initial","rop_publish_now_accounts":[],"rop_publish_now_history":[],"rop_publish_now_status":"pending","footnotes":""},"categories":[8],"tags":[303,302],"class_list":["post-81119","post","type-post","status-publish","format-standard","has-post-thumbnail","hentry","category-disciplinas-deportivas","tag-barcelona","tag-lionel-messi"],"_links":{"self":[{"href":"https:\/\/elinformanteperu.com\/index.php\/wp-json\/wp\/v2\/posts\/81119","targetHints":{"allow":["GET"]}}],"collection":[{"href":"https:\/\/elinformanteperu.com\/index.php\/wp-json\/wp\/v2\/posts"}],"about":[{"href":"https:\/\/elinformanteperu.com\/index.php\/wp-json\/wp\/v2\/types\/post"}],"author":[{"embeddable":true,"href":"https:\/\/elinformanteperu.com\/index.php\/wp-json\/wp\/v2\/users\/1"}],"replies":[{"embeddable":true,"href":"https:\/\/elinformanteperu.com\/index.php\/wp-json\/wp\/v2\/comments?post=81119"}],"version-history":[{"count":1,"href":"https:\/\/elinformanteperu.com\/index.php\/wp-json\/wp\/v2\/posts\/81119\/revisions"}],"predecessor-version":[{"id":81121,"href":"https:\/\/elinformanteperu.com\/index.php\/wp-json\/wp\/v2\/posts\/81119\/revisions\/81121"}],"wp:featuredmedia":[{"embeddable":true,"href":"https:\/\/elinformanteperu.com\/index.php\/wp-json\/wp\/v2\/media\/81120"}],"wp:attachment":[{"href":"https:\/\/elinformanteperu.com\/index.php\/wp-json\/wp\/v2\/media?parent=81119"}],"wp:term":[{"taxonomy":"category","embeddable":true,"href":"https:\/\/elinformanteperu.com\/index.php\/wp-json\/wp\/v2\/categories?post=81119"},{"taxonomy":"post_tag","embeddable":true,"href":"https:\/\/elinformanteperu.com\/index.php\/wp-json\/wp\/v2\/tags?post=81119"}],"curies":[{"name":"wp","href":"https:\/\/api.w.org\/{rel}","templated":true}]}}