{"id":81113,"date":"2020-08-30T11:35:19","date_gmt":"2020-08-30T16:35:19","guid":{"rendered":"https:\/\/elinformanteperu.com\/?p=81113"},"modified":"2020-08-30T11:35:19","modified_gmt":"2020-08-30T16:35:19","slug":"messi-abre-un-nuevo-capitulo-en-el-conflicto-contractual-con-el-barcelona","status":"publish","type":"post","link":"https:\/\/elinformanteperu.com\/index.php\/2020\/08\/30\/messi-abre-un-nuevo-capitulo-en-el-conflicto-contractual-con-el-barcelona\/","title":{"rendered":"Messi abre un nuevo cap\u00edtulo en el conflicto contractual con el Barcelona"},"content":{"rendered":"<p><span style=\"color: #000000;\"><strong>Barcelona, 30 Agosto, (ANDINA).- <\/strong>Leo Messi no se present\u00f3 a las pruebas PCR que han pasado los jugadores de la primera plantilla del Barcelona antes del primer entrenamiento del curso, que tendr\u00e1 lugar ma\u00f1ana lunes a las 17.30 h, y as\u00ed ha abierto un cap\u00edtulo m\u00e1s en el conflicto contractual que tiene con el club por su salida.<\/span><\/p>\n<p><span style=\"color: #000000;\">Este empez\u00f3 en el mismo momento que los abogados del jugador mandaron el martes un burofax al club en el que se expresaba su deseo de irse acogi\u00e9ndose a la cl\u00e1usula liberatoria que se incluy\u00f3 en el contrato firmado el 2017 y que le permite irse de forma libre al final de cada temporada.<\/span><\/p>\n<p><span style=\"color: #000000;\">Pero, en el contrato, se especifica el 10 de junio como la fecha l\u00edmite para que Messi informe de su intenci\u00f3n de irse y el burofax se envi\u00f3 el 25 de agosto. La argumentaci\u00f3n de la parte del argentino es que esta es una temporada at\u00edpica a causa de la pandemia del coronavirus, la cual retras\u00f3 el final de curso hasta el 23 de agosto con la celebraci\u00f3n de la final de la Liga de Campeones.<\/span><\/p>\n<p><span style=\"color: #000000;\">Haciendo uso de esta argumentaci\u00f3n, Messi y sus abogados consideran que con el env\u00edo del burofax hicieron efectiva la cl\u00e1usula liberatoria y que ya no se debe al Barcelona como trabajador. Por eso no se present\u00f3 a las pruebas PCR.<\/span><\/p>\n<p><span style=\"color: #000000;\">El FC Barcelona, por su parte, se agarra a la fecha l\u00edmite del 10 de junio y le remite a la cl\u00e1usula de rescisi\u00f3n de 700 millones de euros si quiere marcharse a otro club. Despu\u00e9s de que el jugador no se haya presentado a las pruebas PCR, el club puede abrirle un expediente de sanci\u00f3n grave si as\u00ed lo cree conveniente.<\/span><\/p>\n<p><span style=\"color: #000000;\">\u00abHubiese sido contradictorio con su primer burofax que Messi se hubiese presentado a las pruebas PCR ya que sus asesores consideran que su contrato se ha extinguido. En este caso no debe ir a entrenar ni cobrar su salario\u00bb, explica a EFE Marcos Mas, abogado y miembro de las comisiones jur\u00eddica y disciplinaria del FC Barcelona entre 2010 y 2015.<\/span><\/p>\n<p><span style=\"color: #000000;\">\u00abEl esp\u00edritu del contrato ser\u00eda lo que podr\u00eda tener a favor Messi, mientras que el club cuenta con el &#8216;pacta sunt servanda&#8217; y se acoge a que lo firmado es lo que vale\u00bb, se\u00f1ala a EFE Juan de Dios Crespo, abogado especializado en derecho deportivo. \u00abEs un hecho que la temporada fue at\u00edpica\u00bb, a\u00f1ade.<\/span><\/p>\n<p><span style=\"color: #000000;\">\u00abSi la fecha de salida se identifica con una fecha concreta, y as\u00ed lo parece, est\u00e1 claro que pasada dicha fecha el derecho de salida ha caducado\u00bb, sentencia Mas. \u00abEl car\u00e1cter excepcional de la cl\u00e1usula obliga a interpretarla de manera restrictiva y seg\u00fan su tenor literal\u00bb.<\/span><\/p>\n<p><span style=\"color: #000000;\">La excepcionalidad reside en el hecho de que \u00absu ejercicio implica poder dar por resuelto unilateralmente y sin indemnizaci\u00f3n para el club el contrato de trabajo, que finalizar\u00eda naturalmente el a\u00f1o que viene\u00bb.<\/span><\/p>\n<p><span style=\"color: #000000;\">Seg\u00fan Mas, la fecha del 10 de junio en ning\u00fan momento se enmarca en referencia a la finalizaci\u00f3n de la temporada. \u00abAl rev\u00e9s, es una fecha cierta, hasta la cual (hasta las 24 h del 10 de junio) es posible ejercitar la cl\u00e1usula, al margen de cu\u00e1ndo finaliza la temporada, en su formato natural o excepcional\u00bb.<\/span><\/p>\n<p><span style=\"color: #000000;\">As\u00ed, el abogado considera que \u00absi hubiera que referenciar esa fecha o los 10 d\u00edas a contar desde la finalizaci\u00f3n de la temporada, la cl\u00e1usula lo hubiera dicho as\u00ed\u00bb.<\/span><\/p>\n<p><strong><span style=\"color: #000000;\">Per\u00edodo de fichajes en Europa<\/span><\/strong><\/p>\n<p><span style=\"color: #000000;\">Pero puestos a interpretar la verdadera raz\u00f3n de ser de la fecha establecida, se inclina por \u00abpensar que la fecha del 10 de junio no tiene nada que ver con la finalizaci\u00f3n de la temporada, sino m\u00e1s bien con el per\u00edodo de fichajes de verano, que se abre el 1 de julio. Es decir, si el jugador quer\u00eda ejercerla lo ten\u00eda que hacer como tarde 20 d\u00edas antes de la apertura del mercado de fichajes\u00bb.<\/span><\/p>\n<p><span style=\"color: #000000;\">Mas interpreta as\u00ed la cl\u00e1usula porque esta forma de verla \u00abbeneficia a ambas partes, las cuales pueden planificar con antelaci\u00f3n sus intereses: el del jugador de buscar nuevo equipo y el del club de cubrir la baja de su mejor jugador\u00bb.<\/span><\/p>\n<p><span style=\"color: #000000;\">Adem\u00e1s, no cree \u00abque la extensi\u00f3n de la temporada y del mercado de fichajes por culpa de la covid-19 permita alterar o modificar la conclusi\u00f3n anterior. Para ello hubiera sido necesario que las partes hubieran modificado la cl\u00e1usula y no lo hicieron. Y no hay norma alguna dictada durante el estado de alarma que permita la pr\u00f3rroga o extensi\u00f3n de las cl\u00e1usulas de un contrato de trabajo, o la alteraci\u00f3n de las fechas de resoluci\u00f3n o su duraci\u00f3n\u00bb.<\/span><\/p>\n<p><span style=\"color: #000000;\">Teniendo en cuenta todo esto, Mas opina que lo m\u00e1s probable es que Messi y el FC Barcelona pacten una salida v\u00eda traspaso.<\/span><\/p>\n<p><span style=\"color: #000000;\">\u00abEl transfer lo puede obtener en pocos d\u00edas, pero la FIFA no se meter\u00e1 en si debe haber o no un precio o si este es desorbitado. Por tanto, ning\u00fan club del mundo se arriesgar\u00eda a inscribir a un jugador sin saber si, un a\u00f1o despu\u00e9s y por sentencia de los juzgados laborales de Barcelona, el jugador puede ser condenado a pagar 700 millones de euros por su salida\u00bb.<\/span><\/p>\n<p><span style=\"color: #000000;\">La opini\u00f3n de Juan de Dios Crespo va en la misma l\u00ednea en este aspecto: \u00abMessi se ir\u00eda s\u00ed o s\u00ed, por el derecho a trabajar, aunque luego la indemnizaci\u00f3n la indicara un juez, mucho m\u00e1s tarde. Pero no ser\u00eda un traspaso, sino una indemnizaci\u00f3n\u00bb.<\/span><\/p>\n<p><span style=\"color: #000000;\">Crespo considera que si Messi se va a un club de fuera de Espa\u00f1a, \u00abel Certificado de Transferencia Internacional, aunque denominado &#8216;provisional&#8217;, se lo dar\u00eda la FIFA sin ninguna duda\u00bb.<\/span><\/p>\n<p><span style=\"color: #000000;\">Esta es la situaci\u00f3n que ahora mismo el entorno de Messi y el FC Barcelona deben gestionar para defender sus intereses. El \u00faltimo movimiento fue el viernes, cuando el jugador filtr\u00f3 a &#8216;El Peri\u00f3dico&#8217; su intenci\u00f3n de sentarse a hablar con el club azulgrana con la intenci\u00f3n de acordar una salida. Pero este respondi\u00f3 que no piensa negociar ning\u00fan traspaso y se remiti\u00f3 a la cl\u00e1usula de rescisi\u00f3n.<\/span><\/p>\n<blockquote class=\"twitter-tweet\">\n<p dir=\"ltr\" lang=\"es\">\ud83d\udea8 Messi cumple con su &#8216;amenaza&#8217; y no se presenta a las pruebas PCR del Bar\u00e7a <a href=\"https:\/\/t.co\/6TzW3ivgds\">https:\/\/t.co\/6TzW3ivgds<\/a><\/p>\n<p>\u2014 MARCA (@marca) <a href=\"https:\/\/twitter.com\/marca\/status\/1299987578045837313?ref_src=twsrc%5Etfw\">August 30, 2020<\/a><\/p><\/blockquote>\n<p><script async src=\"https:\/\/platform.twitter.com\/widgets.js\" charset=\"utf-8\"><\/script><\/p>\n","protected":false},"excerpt":{"rendered":"<p>Barcelona, 30 Agosto, (ANDINA).- Leo Messi no se present\u00f3 a las pruebas PCR que han pasado los jugadores de la primera plantilla del Barcelona antes del primer entrenamiento del curso, que tendr\u00e1 lugar ma\u00f1ana lunes a las 17.30 h, y as\u00ed ha abierto un cap\u00edtulo m\u00e1s en el conflicto contractual que tiene con el club [&hellip;]<\/p>\n","protected":false},"author":1,"featured_media":81114,"comment_status":"open","ping_status":"open","sticky":false,"template":"","format":"standard","meta":{"rop_custom_images_group":[],"rop_custom_messages_group":[],"rop_publish_now":"initial","rop_publish_now_accounts":[],"rop_publish_now_history":[],"rop_publish_now_status":"pending","footnotes":""},"categories":[8],"tags":[303,302],"class_list":["post-81113","post","type-post","status-publish","format-standard","has-post-thumbnail","hentry","category-disciplinas-deportivas","tag-barcelona","tag-lionel-messi"],"_links":{"self":[{"href":"https:\/\/elinformanteperu.com\/index.php\/wp-json\/wp\/v2\/posts\/81113","targetHints":{"allow":["GET"]}}],"collection":[{"href":"https:\/\/elinformanteperu.com\/index.php\/wp-json\/wp\/v2\/posts"}],"about":[{"href":"https:\/\/elinformanteperu.com\/index.php\/wp-json\/wp\/v2\/types\/post"}],"author":[{"embeddable":true,"href":"https:\/\/elinformanteperu.com\/index.php\/wp-json\/wp\/v2\/users\/1"}],"replies":[{"embeddable":true,"href":"https:\/\/elinformanteperu.com\/index.php\/wp-json\/wp\/v2\/comments?post=81113"}],"version-history":[{"count":1,"href":"https:\/\/elinformanteperu.com\/index.php\/wp-json\/wp\/v2\/posts\/81113\/revisions"}],"predecessor-version":[{"id":81115,"href":"https:\/\/elinformanteperu.com\/index.php\/wp-json\/wp\/v2\/posts\/81113\/revisions\/81115"}],"wp:featuredmedia":[{"embeddable":true,"href":"https:\/\/elinformanteperu.com\/index.php\/wp-json\/wp\/v2\/media\/81114"}],"wp:attachment":[{"href":"https:\/\/elinformanteperu.com\/index.php\/wp-json\/wp\/v2\/media?parent=81113"}],"wp:term":[{"taxonomy":"category","embeddable":true,"href":"https:\/\/elinformanteperu.com\/index.php\/wp-json\/wp\/v2\/categories?post=81113"},{"taxonomy":"post_tag","embeddable":true,"href":"https:\/\/elinformanteperu.com\/index.php\/wp-json\/wp\/v2\/tags?post=81113"}],"curies":[{"name":"wp","href":"https:\/\/api.w.org\/{rel}","templated":true}]}}