{"id":81104,"date":"2020-08-29T17:02:56","date_gmt":"2020-08-29T22:02:56","guid":{"rendered":"https:\/\/elinformanteperu.com\/?p=81104"},"modified":"2020-08-29T17:02:56","modified_gmt":"2020-08-29T22:02:56","slug":"ejecutivo-presentara-nueva-propuesta-sobre-onp-al-congreso-anuncia-martos","status":"publish","type":"post","link":"https:\/\/elinformanteperu.com\/index.php\/2020\/08\/29\/ejecutivo-presentara-nueva-propuesta-sobre-onp-al-congreso-anuncia-martos\/","title":{"rendered":"Ejecutivo presentar\u00e1 nueva propuesta sobre ONP al Congreso, anuncia Martos"},"content":{"rendered":"<p><span style=\"color: #000000;\"><strong>Lima, 29 Agosto, (ANDINA).-<\/strong> El Ejecutivo presentar\u00e1 una nueva propuesta al Congreso referida a la devoluci\u00f3n de los aportes a la Oficina de Normalizaci\u00f3n Previsional (ONP), anunci\u00f3 hoy el presidente del Consejo de Ministros, Walter Martos.<\/span><\/p>\n<p><span style=\"color: #000000;\">\u201cEl camino que debemos seguir es observar la norma, adem\u00e1s vamos a plantear una nueva propuesta, se est\u00e1 conversando con los sectores encargados para ver si con esta nueva propuesta se llega a un punto de acuerdo\u201d, refiri\u00f3.<\/span><\/p>\n<p><span style=\"color: #000000;\">Desde el punto de vista del Ejecutivo dijo que est\u00e1n conscientes de la necesidad que enfrentan las personas que efectuaron sus aportes por mucho tiempo y no alcanzaron los a\u00f1os necesarios para recibir una pensi\u00f3n ni tampoco recibieron una compensaci\u00f3n econ\u00f3mica.<\/span><\/p>\n<p><span style=\"color: #000000;\">Por ello dijo que el Ejecutivo present\u00f3 al Congreso una primera propuesta de compensaci\u00f3n econ\u00f3mica gradual, a base de la vulnerabilidad de los aportantes y a los a\u00f1os de aportes, pero no fue aceptada por el Parlamento.<\/span><\/p>\n<p><span style=\"color: #000000;\">Sostuvo que la norma de devoluci\u00f3n aprobada en el Congreso es inconstitucional, porque la Carta Magna garantiza la intangibilidad de los fondos de pensiones y adem\u00e1s no tienen iniciativa de gasto y esa medida representar\u00e1 para el Estado 15,000 millones de soles.<\/span><\/p>\n<p><span style=\"color: #000000;\">Record\u00f3 que los bonos de 760 soles entregados como ayuda para las personas vulnerables y la inversi\u00f3n en hospitales y medicinas para enfrentar la pandemia no alcanzan los 15,000 millones que demandar\u00e1 la devoluci\u00f3n de los aportes.<\/span><\/p>\n<p><span style=\"color: #000000;\">El jefe del Gabinete se\u00f1al\u00f3 que la norma, adem\u00e1s de afectar el equilibrio de la econom\u00eda, genera tambi\u00e9n un problema social porque la devoluci\u00f3n implicar\u00e1 que los aportantes salgan del Sistema Nacional de Pensiones y no tengan una pensi\u00f3n a futuro, as\u00ed como tampoco la atenci\u00f3n m\u00e9dica en EsSalud.<\/span><\/p>\n<p><span style=\"color: #000000;\">\u201cNuestra propuesta era darles una compensaci\u00f3n econ\u00f3mica y que sigan en el Sistema Nacional de Pensiones\u201d, apunt\u00f3 en radio Exitosa.<\/span><\/p>\n<p><span style=\"color: #000000;\">Refiri\u00f3 que el pa\u00eds debe reactivar la econom\u00eda, de lo contrario no se tendr\u00e1n los recursos suficientes para afrontar la pandemia y las necesidades sociales que enfrentan los peruanos.<\/span><\/p>\n<p><strong><span style=\"color: #000000;\">Plantas de ox\u00edgeno<\/span><\/strong><\/p>\n<p><span style=\"color: #000000;\">Martos anunci\u00f3 que en las pr\u00f3ximas semanas llegar\u00e1n al pa\u00eds plantas de oxigeno de diferente tama\u00f1o para el mejor funcionamiento de los hospitales del Ministerio de Salud y EsSalud.<\/span><\/p>\n<p><span style=\"color: #000000;\">Ante la huelga del personal de salud, el titular de la Presidencia del Consejo de Ministros sostuvo que en este momento, en que el pa\u00eds lucha contra la pandemia, no es la medida m\u00e1s adecuada y reiter\u00f3 la disposici\u00f3n del Gobierno de dialogar con los gremios de trabajadores para encontrar una soluci\u00f3n a sus demandas.<\/span><\/p>\n","protected":false},"excerpt":{"rendered":"<p>Lima, 29 Agosto, (ANDINA).- El Ejecutivo presentar\u00e1 una nueva propuesta al Congreso referida a la devoluci\u00f3n de los aportes a la Oficina de Normalizaci\u00f3n Previsional (ONP), anunci\u00f3 hoy el presidente del Consejo de Ministros, Walter Martos. \u201cEl camino que debemos seguir es observar la norma, adem\u00e1s vamos a plantear una nueva propuesta, se est\u00e1 conversando [&hellip;]<\/p>\n","protected":false},"author":1,"featured_media":81105,"comment_status":"open","ping_status":"open","sticky":false,"template":"","format":"standard","meta":{"rop_custom_images_group":[],"rop_custom_messages_group":[],"rop_publish_now":"initial","rop_publish_now_accounts":[],"rop_publish_now_history":[],"rop_publish_now_status":"pending","footnotes":""},"categories":[5],"tags":[2131,189,2317,5243],"class_list":["post-81104","post","type-post","status-publish","format-standard","has-post-thumbnail","hentry","category-actualidad-informativa","tag-onp","tag-pcm","tag-presidencia-del-consejo-de-ministros","tag-walter-martos"],"_links":{"self":[{"href":"https:\/\/elinformanteperu.com\/index.php\/wp-json\/wp\/v2\/posts\/81104","targetHints":{"allow":["GET"]}}],"collection":[{"href":"https:\/\/elinformanteperu.com\/index.php\/wp-json\/wp\/v2\/posts"}],"about":[{"href":"https:\/\/elinformanteperu.com\/index.php\/wp-json\/wp\/v2\/types\/post"}],"author":[{"embeddable":true,"href":"https:\/\/elinformanteperu.com\/index.php\/wp-json\/wp\/v2\/users\/1"}],"replies":[{"embeddable":true,"href":"https:\/\/elinformanteperu.com\/index.php\/wp-json\/wp\/v2\/comments?post=81104"}],"version-history":[{"count":1,"href":"https:\/\/elinformanteperu.com\/index.php\/wp-json\/wp\/v2\/posts\/81104\/revisions"}],"predecessor-version":[{"id":81106,"href":"https:\/\/elinformanteperu.com\/index.php\/wp-json\/wp\/v2\/posts\/81104\/revisions\/81106"}],"wp:featuredmedia":[{"embeddable":true,"href":"https:\/\/elinformanteperu.com\/index.php\/wp-json\/wp\/v2\/media\/81105"}],"wp:attachment":[{"href":"https:\/\/elinformanteperu.com\/index.php\/wp-json\/wp\/v2\/media?parent=81104"}],"wp:term":[{"taxonomy":"category","embeddable":true,"href":"https:\/\/elinformanteperu.com\/index.php\/wp-json\/wp\/v2\/categories?post=81104"},{"taxonomy":"post_tag","embeddable":true,"href":"https:\/\/elinformanteperu.com\/index.php\/wp-json\/wp\/v2\/tags?post=81104"}],"curies":[{"name":"wp","href":"https:\/\/api.w.org\/{rel}","templated":true}]}}