{"id":81059,"date":"2020-08-29T15:10:21","date_gmt":"2020-08-29T20:10:21","guid":{"rendered":"https:\/\/elinformanteperu.com\/?p=81059"},"modified":"2020-08-29T15:10:21","modified_gmt":"2020-08-29T20:10:21","slug":"peru-organizara-online-el-mundial-sub-17-de-levantamiento-de-pesas-2020","status":"publish","type":"post","link":"https:\/\/elinformanteperu.com\/index.php\/2020\/08\/29\/peru-organizara-online-el-mundial-sub-17-de-levantamiento-de-pesas-2020\/","title":{"rendered":"Per\u00fa organizar\u00e1 online el Mundial Sub-17 de Levantamiento de Pesas 2020"},"content":{"rendered":"<p><span style=\"color: #000000;\"><strong>Lima, 29 Agosto, (ANDINA).-<\/strong> Tras el gran \u00e9xito en la organizaci\u00f3n del Grand Prix 2019, el Per\u00fa realizar\u00e1 online el Campeonato Mundial Sub-17 de la Federaci\u00f3n Internacional de Halterofilia 2020 (International Weightlifting Federation-IWF), que estaba programado, de manera presencial, del 11 al 18 de noviembre y que fue cancelado debido a la pandemia del covid-19.<\/span><\/p>\n<p><span style=\"color: #000000;\">Per\u00fa, que organiz\u00f3 con \u00e9xito un Gran Premio de la IWF en noviembre pasado, organizar\u00e1 el evento en l\u00ednea, cuyos detalles ser\u00e1n anunciados pronto por el organismo rector mundial y que tiene el decidido apoyo del Instituto Peruano del Deporte (IPD).<\/span><\/p>\n<p><span style=\"color: #000000;\">La IWF y los organizadores locales en Lima consultaron antes de que la IWF emitiera un comunicado en el que dec\u00eda que la cancelaci\u00f3n se hab\u00eda realizado \u00abcon gran tristeza\u00bb y era el resultado de \u00abpriorizar la salud y seguridad de nuestros j\u00f3venes levantadores\u00bb.<\/span><\/p>\n<p><span style=\"color: #000000;\">Con muy pocas competiciones de clasificaci\u00f3n internacional todav\u00eda en el calendario para el 2020 existe la posibilidad de que no se lleven a cabo m\u00e1s levantamientos en vivo hasta el pr\u00f3ximo a\u00f1o. online<\/span><\/p>\n<p><span style=\"color: #000000;\">\u00abCreo que (la cancelaci\u00f3n del Campeonato Mundial Sub-17 de la IWF) es la mejor decisi\u00f3n para la salud y seguridad de nuestros atletas\u00bb, dijo Renzo Manyari, presidente de la Federaci\u00f3n Deportiva Peruana de Levantamiento de Pesas a insidethegames.<\/span><\/p>\n<p><span style=\"color: #000000;\">Manyari ser\u00e1 el organizador clave de la Copa del Mundo Sub-17, la competencia en l\u00ednea que reemplaza al campeonato mundial. \u00abEs una cuesti\u00f3n de coordinaci\u00f3n con la IWF y estoy agradecido por su apoyo\u00bb, dijo.<\/span><\/p>\n<p><span style=\"color: #000000;\">\u00abEstoy esperando la decisi\u00f3n de la IWF sobre el formato, pero ser\u00eda ideal si fuera similar a la Copa Panamericana en L\u00ednea ya que estamos familiarizados con el sistema\u00bb.<\/span><\/p>\n<p><span style=\"color: #000000;\">Ese evento hist\u00f3rico en julio, reportado aqu\u00ed por insidethegames , cont\u00f3 con atletas de 15 naciones que compitieron en lugares locales en su ciudad natal y cuyos esfuerzos se transmitieron en vivo y fue organizado desde Per\u00fa por la Federaci\u00f3n Panamericana de Halterofilia y patrocinado por el fabricante chino de equipos ZKC.<\/span><\/p>\n<p><span style=\"color: #000000;\">\u00abEstoy seguro de que podremos ofrecer al mundo una competencia en l\u00ednea que nos permitir\u00e1 descubrir una nueva forma de vivir nuestro deporte y un nuevo nivel de excelencia en la organizaci\u00f3n de eventos\u00bb, dijo Manyari.<\/span><\/p>\n<p><span style=\"color: #000000;\">\u00abNo lo considero una p\u00e9rdida, al contrario, lo veo como una maravillosa oportunidad para sentar un precedente de \u00e9xito y revivir los sue\u00f1os de los atletas m\u00e1s j\u00f3venes\u00bb, finaliz\u00f3 Manyari.<\/span><\/p>\n<p>&nbsp;<\/p>\n","protected":false},"excerpt":{"rendered":"<p>Lima, 29 Agosto, (ANDINA).- Tras el gran \u00e9xito en la organizaci\u00f3n del Grand Prix 2019, el Per\u00fa realizar\u00e1 online el Campeonato Mundial Sub-17 de la Federaci\u00f3n Internacional de Halterofilia 2020 (International Weightlifting Federation-IWF), que estaba programado, de manera presencial, del 11 al 18 de noviembre y que fue cancelado debido a la pandemia del covid-19. [&hellip;]<\/p>\n","protected":false},"author":1,"featured_media":81060,"comment_status":"open","ping_status":"open","sticky":false,"template":"","format":"standard","meta":{"rop_custom_images_group":[],"rop_custom_messages_group":[],"rop_publish_now":"initial","rop_publish_now_accounts":[],"rop_publish_now_history":[],"rop_publish_now_status":"pending","footnotes":""},"categories":[8],"tags":[920,417],"class_list":["post-81059","post","type-post","status-publish","format-standard","has-post-thumbnail","hentry","category-disciplinas-deportivas","tag-instituto-peruano-del-deporte","tag-ipd"],"_links":{"self":[{"href":"https:\/\/elinformanteperu.com\/index.php\/wp-json\/wp\/v2\/posts\/81059","targetHints":{"allow":["GET"]}}],"collection":[{"href":"https:\/\/elinformanteperu.com\/index.php\/wp-json\/wp\/v2\/posts"}],"about":[{"href":"https:\/\/elinformanteperu.com\/index.php\/wp-json\/wp\/v2\/types\/post"}],"author":[{"embeddable":true,"href":"https:\/\/elinformanteperu.com\/index.php\/wp-json\/wp\/v2\/users\/1"}],"replies":[{"embeddable":true,"href":"https:\/\/elinformanteperu.com\/index.php\/wp-json\/wp\/v2\/comments?post=81059"}],"version-history":[{"count":1,"href":"https:\/\/elinformanteperu.com\/index.php\/wp-json\/wp\/v2\/posts\/81059\/revisions"}],"predecessor-version":[{"id":81061,"href":"https:\/\/elinformanteperu.com\/index.php\/wp-json\/wp\/v2\/posts\/81059\/revisions\/81061"}],"wp:featuredmedia":[{"embeddable":true,"href":"https:\/\/elinformanteperu.com\/index.php\/wp-json\/wp\/v2\/media\/81060"}],"wp:attachment":[{"href":"https:\/\/elinformanteperu.com\/index.php\/wp-json\/wp\/v2\/media?parent=81059"}],"wp:term":[{"taxonomy":"category","embeddable":true,"href":"https:\/\/elinformanteperu.com\/index.php\/wp-json\/wp\/v2\/categories?post=81059"},{"taxonomy":"post_tag","embeddable":true,"href":"https:\/\/elinformanteperu.com\/index.php\/wp-json\/wp\/v2\/tags?post=81059"}],"curies":[{"name":"wp","href":"https:\/\/api.w.org\/{rel}","templated":true}]}}