{"id":81056,"date":"2020-08-29T14:59:49","date_gmt":"2020-08-29T19:59:49","guid":{"rendered":"https:\/\/elinformanteperu.com\/?p=81056"},"modified":"2020-08-29T14:59:49","modified_gmt":"2020-08-29T19:59:49","slug":"zlatan-ibrahimovic-renovo-contrato-con-el-ac-milan-de-italia","status":"publish","type":"post","link":"https:\/\/elinformanteperu.com\/index.php\/2020\/08\/29\/zlatan-ibrahimovic-renovo-contrato-con-el-ac-milan-de-italia\/","title":{"rendered":"Zlatan Ibrahimovic renov\u00f3 contrato con el AC Milan de Italia"},"content":{"rendered":"<p><strong><span style=\"color: #000000;\">El delantero sueco est\u00e1 a punto de cumplir 39 a\u00f1os<\/span><\/strong><\/p>\n<p><span style=\"color: #000000;\"><strong>Mil\u00e1n, 29 Agosto, (ANDINA).-<\/strong> Zlatan Ibrahimovic se mostr\u00f3 con la el\u00e1stica del AC Milan: con una foto en las redes sociales, el gigante sueco parece indicar que prolongar\u00e1 su aventura en Italia, cuando est\u00e1 cerca de cumplir 39 a\u00f1os.<\/span><\/p>\n<p><span style=\"color: #000000;\">\u00abComo ya dije, s\u00f3lo estoy calentando\u00bb, escribi\u00f3 en ingl\u00e9s el astro sueco con una foto suya luciendo la camiseta &#8216;rossonera&#8217;, con el n\u00famero 11 a la espalda superpuesto al dorsal 21 que luci\u00f3 la temporada pasada.<\/span><\/p>\n<p><span style=\"color: #000000;\">Seg\u00fan la prensa italiana, el Milan y su delantero estrella alcanzaron un acuerdo por un a\u00f1o de contrato extra, con un salario anual de 7 millones de euros.<\/span><\/p>\n<p><span style=\"color: #000000;\">Zlatan Ibrahimovic es \u00abnuestra prioridad\u00bb, asegur\u00f3 el martes el director t\u00e9cnico del Milan Paolo Maldini, aunque no descart\u00f3 un plan B si fracasaban las negociaciones.<\/span><\/p>\n<p><span style=\"color: #000000;\">\u00abTodos trabajamos duramente para alcanzar un acuerdo. Sabemos que ser\u00e1 una corta preparaci\u00f3n, as\u00ed que queremos cerrar el asunto en un corto plazo\u00bb, a\u00f1adi\u00f3 el icono del Milan y antiguo defensor internacional italiano.<\/span><\/p>\n<p><span style=\"color: #000000;\">&#8216;Ibra&#8217;, que cumplir\u00e1 39 a\u00f1os en octubre, fich\u00f3 por el Milan a finales de diciembre por un contrato de seis meses luego de haber dejado Los Angeles Galaxy, con un salario de 3,5 millones de euros, y un a\u00f1o extra opcional.<\/span><\/p>\n<p><span style=\"color: #000000;\">Desde su regreso a la capital lombarda el antiguo delantero del PSG influy\u00f3 en la recuperaci\u00f3n de un equipo en crisis, anotando 11 goles en 20 partidos entre la Serie A y la Copa de Italia.<\/span><\/p>\n<p><span style=\"color: #000000;\">El objetivo marcado por el AC Milan es regresar a la Liga de Campeones, una competici\u00f3n que los Rossoneri han ganado en siete ocasiones, pero en la que no participan desde 2014.<\/span><\/p>\n<p><span style=\"color: #000000;\">\u00abTodos podemos ver que Ibra jug\u00f3 un papel importante en nuestra temporada y en nuestra progresi\u00f3n\u00bb, afirm\u00f3 Ivan Gazidis, director general del Milan, 6\u00ba en la \u00faltima Serie A.<\/span><\/p>\n<blockquote class=\"twitter-tweet\">\n<p dir=\"ltr\" lang=\"en\">Like I said im just warming up <a href=\"https:\/\/twitter.com\/acmilan?ref_src=twsrc%5Etfw\">@acmilan<\/a> <a href=\"https:\/\/t.co\/lAKo0WnkFx\">pic.twitter.com\/lAKo0WnkFx<\/a><\/p>\n<p>\u2014 Zlatan Ibrahimovi\u0107 (@Ibra_official) <a href=\"https:\/\/twitter.com\/Ibra_official\/status\/1299264683074105345?ref_src=twsrc%5Etfw\">August 28, 2020<\/a><\/p><\/blockquote>\n<p><script async src=\"https:\/\/platform.twitter.com\/widgets.js\" charset=\"utf-8\"><\/script><\/p>\n","protected":false},"excerpt":{"rendered":"<p>El delantero sueco est\u00e1 a punto de cumplir 39 a\u00f1os Mil\u00e1n, 29 Agosto, (ANDINA).- Zlatan Ibrahimovic se mostr\u00f3 con la el\u00e1stica del AC Milan: con una foto en las redes sociales, el gigante sueco parece indicar que prolongar\u00e1 su aventura en Italia, cuando est\u00e1 cerca de cumplir 39 a\u00f1os. \u00abComo ya dije, s\u00f3lo estoy calentando\u00bb, [&hellip;]<\/p>\n","protected":false},"author":1,"featured_media":81057,"comment_status":"open","ping_status":"open","sticky":false,"template":"","format":"standard","meta":{"rop_custom_images_group":[],"rop_custom_messages_group":[],"rop_publish_now":"initial","rop_publish_now_accounts":[],"rop_publish_now_history":[],"rop_publish_now_status":"pending","footnotes":""},"categories":[8],"tags":[2966],"class_list":["post-81056","post","type-post","status-publish","format-standard","has-post-thumbnail","hentry","category-disciplinas-deportivas","tag-zlatan-ibrahimovic"],"_links":{"self":[{"href":"https:\/\/elinformanteperu.com\/index.php\/wp-json\/wp\/v2\/posts\/81056","targetHints":{"allow":["GET"]}}],"collection":[{"href":"https:\/\/elinformanteperu.com\/index.php\/wp-json\/wp\/v2\/posts"}],"about":[{"href":"https:\/\/elinformanteperu.com\/index.php\/wp-json\/wp\/v2\/types\/post"}],"author":[{"embeddable":true,"href":"https:\/\/elinformanteperu.com\/index.php\/wp-json\/wp\/v2\/users\/1"}],"replies":[{"embeddable":true,"href":"https:\/\/elinformanteperu.com\/index.php\/wp-json\/wp\/v2\/comments?post=81056"}],"version-history":[{"count":1,"href":"https:\/\/elinformanteperu.com\/index.php\/wp-json\/wp\/v2\/posts\/81056\/revisions"}],"predecessor-version":[{"id":81058,"href":"https:\/\/elinformanteperu.com\/index.php\/wp-json\/wp\/v2\/posts\/81056\/revisions\/81058"}],"wp:featuredmedia":[{"embeddable":true,"href":"https:\/\/elinformanteperu.com\/index.php\/wp-json\/wp\/v2\/media\/81057"}],"wp:attachment":[{"href":"https:\/\/elinformanteperu.com\/index.php\/wp-json\/wp\/v2\/media?parent=81056"}],"wp:term":[{"taxonomy":"category","embeddable":true,"href":"https:\/\/elinformanteperu.com\/index.php\/wp-json\/wp\/v2\/categories?post=81056"},{"taxonomy":"post_tag","embeddable":true,"href":"https:\/\/elinformanteperu.com\/index.php\/wp-json\/wp\/v2\/tags?post=81056"}],"curies":[{"name":"wp","href":"https:\/\/api.w.org\/{rel}","templated":true}]}}