{"id":81053,"date":"2020-08-29T14:52:34","date_gmt":"2020-08-29T19:52:34","guid":{"rendered":"https:\/\/elinformanteperu.com\/?p=81053"},"modified":"2020-08-29T14:52:34","modified_gmt":"2020-08-29T19:52:34","slug":"edison-flores-sera-operado-por-multiples-fracturas-faciales","status":"publish","type":"post","link":"https:\/\/elinformanteperu.com\/index.php\/2020\/08\/29\/edison-flores-sera-operado-por-multiples-fracturas-faciales\/","title":{"rendered":"Edison Flores ser\u00e1 operado por m\u00faltiples fracturas faciales"},"content":{"rendered":"<p><strong><span style=\"color: #000000;\">El DC United inform\u00f3 que el volante peruano estar\u00e1 fuera de las canchas durante seis semanas<\/span><\/strong><\/p>\n<p><span style=\"color: #000000;\"><strong>Lima, 29 Agosto, (ANDINA).-<\/strong> El volante de la selecci\u00f3n peruana Edison Flores ser\u00e1 operado por \u201cm\u00faltiples fracturas faciales\u201d, que sufri\u00f3 en el \u00faltimo partido que disput\u00f3 contra el New England Revolution por la Major League Soccer (MLS), inform\u00f3 en un comunicado su actual equipo, el DC United.<\/span><\/p>\n<p><span style=\"color: #000000;\">Esta intervenci\u00f3n quir\u00fargica har\u00e1 que el habilidoso mediocampista se pierda por lo menos de la primera fecha de las eliminatorias al Mundial de Qatar 2022, que se disputar\u00e1 a inicios de octubre, lo que gener\u00f3 gran preocupaci\u00f3n en el equipo dirigido por el argentino Ricardo Gareca.<\/span><\/p>\n<p><span style=\"color: #000000;\">\u201cEdison Flores del DC United se someter\u00e1 a una cirug\u00eda pl\u00e1stica el 31 de agosto para reparar m\u00faltiples fracturas faciales sufridas durante el partido contra el New England Revolution el 25 de agosto\u201d, se puede leer en el comunicado que fue difundido en las redes sociales.<\/span><\/p>\n<p><span style=\"color: #000000;\">Asimismo, el club inform\u00f3 que tras la conmoci\u00f3n cerebral, el club dispuso la atenci\u00f3n requerida por el volante para su \u00f3ptima recuperaci\u00f3n y se\u00f1al\u00f3 que el doctor Stephen B. Baker del instituto m\u00e9dico de cirug\u00eda pl\u00e1stica DC y McLean VA ser\u00e1 el responsable de la operaci\u00f3n.<\/span><\/p>\n<p><span style=\"color: #000000;\">\u201cFlores tambi\u00e9n sufri\u00f3 una conmoci\u00f3n cerebral en la colisi\u00f3n. El Dr. Stephen B. Baker de Plastic Surgery DC y McLean VA realizar\u00e1 la cirug\u00eda. Se espera que Edison Flores est\u00e9 fuera de juego durante 4 a 6 semanas mientras se rehabilita de la lesi\u00f3n y completa el protocolo de conmoci\u00f3n cerebral. Ser\u00e1 colocado en la lista de lesionados de la instituci\u00f3n\u201d, finaliza el comunicado de DC United.<\/span><\/p>\n<p><strong><span style=\"color: #000000;\">Partido duro<\/span><\/strong><\/p>\n<p><span style=\"color: #000000;\">El pasado 25 de agosto el volante peruano Edison Flores sufri\u00f3 un duro choque con el holand\u00e9s Alexander Alexander B\u00fcttner y debido al golpe fue atendido al borde de la cancha por el cuerpo m\u00e9dico del DC United.<\/span><\/p>\n<p><span style=\"color: #000000;\">Estos golpes son comunes en la disputa del bal\u00f3n a\u00e9reo; en un partido jugado en el Estadio Nacional de Lima por la Copa Am\u00e9rica 2004, Claudio Pizarro tuvo un choque similar con el defensa venezolano Alejandro Cichero y tuvo que ser operado del cr\u00e1neo para poder colocarle una placa de titanio.<\/span><\/p>\n<p><span style=\"color: #000000;\">Esta vez, el \u201cOreja\u201d Flores sufri\u00f3 un fuerte golpe en la sien, que es una de las partes m\u00e1s d\u00e9biles de la cabeza, por lo que su recuperaci\u00f3n ser\u00e1 de un mes y medio, seg\u00fan c\u00e1lculos de los galenos.<\/span><\/p>\n<p><span style=\"color: #000000;\"><strong>Fuente:<\/strong> sportexito.com.<\/span><\/p>\n<p><img fetchpriority=\"high\" decoding=\"async\" class=\"aligncenter size-full wp-image-66341\" src=\"https:\/\/elinformanteperu.com\/wp-content\/uploads\/2020\/03\/edison-flores4.jpg\" alt=\"\" width=\"1800\" height=\"1138\" srcset=\"https:\/\/elinformanteperu.com\/wp-content\/uploads\/2020\/03\/edison-flores4.jpg 1800w, https:\/\/elinformanteperu.com\/wp-content\/uploads\/2020\/03\/edison-flores4-300x190.jpg 300w, https:\/\/elinformanteperu.com\/wp-content\/uploads\/2020\/03\/edison-flores4-1024x647.jpg 1024w, https:\/\/elinformanteperu.com\/wp-content\/uploads\/2020\/03\/edison-flores4-768x486.jpg 768w, https:\/\/elinformanteperu.com\/wp-content\/uploads\/2020\/03\/edison-flores4-1536x971.jpg 1536w, https:\/\/elinformanteperu.com\/wp-content\/uploads\/2020\/03\/edison-flores4-128x81.jpg 128w, https:\/\/elinformanteperu.com\/wp-content\/uploads\/2020\/03\/edison-flores4-32x20.jpg 32w\" sizes=\"(max-width: 1800px) 100vw, 1800px\" \/><\/p>\n","protected":false},"excerpt":{"rendered":"<p>El DC United inform\u00f3 que el volante peruano estar\u00e1 fuera de las canchas durante seis semanas Lima, 29 Agosto, (ANDINA).- El volante de la selecci\u00f3n peruana Edison Flores ser\u00e1 operado por \u201cm\u00faltiples fracturas faciales\u201d, que sufri\u00f3 en el \u00faltimo partido que disput\u00f3 contra el New England Revolution por la Major League Soccer (MLS), inform\u00f3 en [&hellip;]<\/p>\n","protected":false},"author":1,"featured_media":81054,"comment_status":"open","ping_status":"open","sticky":false,"template":"","format":"standard","meta":{"rop_custom_images_group":[],"rop_custom_messages_group":[],"rop_publish_now":"initial","rop_publish_now_accounts":[],"rop_publish_now_history":[],"rop_publish_now_status":"pending","footnotes":""},"categories":[8],"tags":[82],"class_list":["post-81053","post","type-post","status-publish","format-standard","has-post-thumbnail","hentry","category-disciplinas-deportivas","tag-edison-flores"],"_links":{"self":[{"href":"https:\/\/elinformanteperu.com\/index.php\/wp-json\/wp\/v2\/posts\/81053","targetHints":{"allow":["GET"]}}],"collection":[{"href":"https:\/\/elinformanteperu.com\/index.php\/wp-json\/wp\/v2\/posts"}],"about":[{"href":"https:\/\/elinformanteperu.com\/index.php\/wp-json\/wp\/v2\/types\/post"}],"author":[{"embeddable":true,"href":"https:\/\/elinformanteperu.com\/index.php\/wp-json\/wp\/v2\/users\/1"}],"replies":[{"embeddable":true,"href":"https:\/\/elinformanteperu.com\/index.php\/wp-json\/wp\/v2\/comments?post=81053"}],"version-history":[{"count":1,"href":"https:\/\/elinformanteperu.com\/index.php\/wp-json\/wp\/v2\/posts\/81053\/revisions"}],"predecessor-version":[{"id":81055,"href":"https:\/\/elinformanteperu.com\/index.php\/wp-json\/wp\/v2\/posts\/81053\/revisions\/81055"}],"wp:featuredmedia":[{"embeddable":true,"href":"https:\/\/elinformanteperu.com\/index.php\/wp-json\/wp\/v2\/media\/81054"}],"wp:attachment":[{"href":"https:\/\/elinformanteperu.com\/index.php\/wp-json\/wp\/v2\/media?parent=81053"}],"wp:term":[{"taxonomy":"category","embeddable":true,"href":"https:\/\/elinformanteperu.com\/index.php\/wp-json\/wp\/v2\/categories?post=81053"},{"taxonomy":"post_tag","embeddable":true,"href":"https:\/\/elinformanteperu.com\/index.php\/wp-json\/wp\/v2\/tags?post=81053"}],"curies":[{"name":"wp","href":"https:\/\/api.w.org\/{rel}","templated":true}]}}