{"id":81049,"date":"2020-08-29T01:09:18","date_gmt":"2020-08-29T06:09:18","guid":{"rendered":"https:\/\/elinformanteperu.com\/?p=81049"},"modified":"2020-08-29T01:09:18","modified_gmt":"2020-08-29T06:09:18","slug":"ministro-benavides-licenciamiento-busca-fortalecer-la-universidad-peruana","status":"publish","type":"post","link":"https:\/\/elinformanteperu.com\/index.php\/2020\/08\/29\/ministro-benavides-licenciamiento-busca-fortalecer-la-universidad-peruana\/","title":{"rendered":"Ministro Benavides: licenciamiento busca fortalecer la universidad peruana"},"content":{"rendered":"<p><span style=\"color: #000000;\"><strong>En visita de trabajo a la regi\u00f3n Lambayeque inaugur\u00f3 nueva infraestructura educativa para m\u00e1s de 750 escolares<\/strong><\/span><\/p>\n<p><span style=\"color: #000000;\"><strong>Lima, 28 Agosto, (ANDINA).-<\/strong> El ministro de Educaci\u00f3n, Mart\u00edn Benavides, firm\u00f3 hoy en Lambayeque la resoluci\u00f3n que crea la comisi\u00f3n t\u00e9cnica que implementar\u00e1 el plan de emergencia orientado a lograr que la Universidad Nacional Pedro Ruiz Gallo (UNPRG) alcance las condiciones b\u00e1sicas de calidad establecidas en la Ley Universitaria y pueda obtener el licenciamiento institucional.<\/span><\/p>\n<p><span style=\"color: #000000;\">Luego de sostener una reuni\u00f3n con autoridades de la UNPRG, Benavides se\u00f1al\u00f3 que su presencia muestra el compromiso del Ministerio de Educaci\u00f3n (Minedu) con la educaci\u00f3n superior y la universidad p\u00fablica y destac\u00f3 el trabajo conjunto de su portafolio y la casa de estudios para avanzar en busca del bienestar de los j\u00f3venes de la regi\u00f3n.<\/span><\/p>\n<p><span style=\"color: #000000;\">Asimismo, subray\u00f3 el respeto a la autonom\u00eda universitaria y manifest\u00f3 que esta debe ser capaz de generar todos los cambios necesarios para que la universidad logre el licenciamiento mediante el trabajo de la comisi\u00f3n t\u00e9cnica, conformada por representantes de la UNPRG y el Minedu.<\/span><\/p>\n<p><span style=\"color: #000000;\">\u201cEn todo este proceso, la \u00fanica finalidad que nos anima es fortalecer la universidad peruana, lo que, en algunos casos, nos ha llevado a tomar decisiones dif\u00edciles, pero siempre pensando en sacar adelante la universidad, especialmente la universidad p\u00fablica\u201d, se\u00f1al\u00f3.<\/span><\/p>\n<p><strong><span style=\"color: #000000;\">Un favorable marco normativo<\/span><\/strong><\/p>\n<p><span style=\"color: #000000;\">Tras recordar que la UNPRG pas\u00f3 en los \u00faltimos a\u00f1os por una etapa compleja, indic\u00f3 que ahora se cuenta con un marco normativo que le dar\u00e1 el soporte necesario para que se pueda reconducir el proceso de licenciamiento ante la Superintendencia Nacional de Educaci\u00f3n Superior Universitaria (Sunedu).<\/span><\/p>\n<p><span style=\"color: #000000;\">\u201cLa UNPRG es una universidad emblem\u00e1tica, con muy buenos profesionales, con buenos estudiantes, con una historia que hay que defender, y estoy seguro de que, alineando bien las expectativas y un adecuado compromiso de todas las partes, vamos a lograr que esta universidad siga adelante\u201d, afirm\u00f3.<\/span><\/p>\n<p><span style=\"color: #000000;\">Despu\u00e9s, Benavides se reuni\u00f3 con el gobernador regional de Lambayeque, Anselmo Lozano, para dialogar sobre la mejor forma de sumar esfuerzos para lograr el licenciamiento de la UNPRG, el avance de la educaci\u00f3n a distancia en la regi\u00f3n mediante la estrategia Aprendo en Casa y las necesidades de la educaci\u00f3n b\u00e1sica regular.<\/span><\/p>\n<p><span style=\"color: #000000;\">Durante la visita de trabajo en Lambayeque, el ministro supervis\u00f3 las instalaciones de la IE Pedro Abel Labarthe Durand, con el objetivo de conocer las necesidades de intervenci\u00f3n para la restauraci\u00f3n, el mejoramiento y la recuperaci\u00f3n del servicio educativo para los 1,400 estudiantes.<\/span><\/p>\n<p><span style=\"color: #000000;\">Tambi\u00e9n inaugur\u00f3 la moderna infraestructura educativa del colegio Pedro Ruiz Gallo, ejecutada en convenio entre la municipalidad de Eten y el Programa Nacional de Infraestructura Educativa (Pronied), y que albergar\u00e1 a m\u00e1s de 750 estudiantes. En la ceremonia, entreg\u00f3 las nuevas instalaciones al director del colegio, C\u00e9sar Paredes Rodas.<\/span><\/p>\n<p><span style=\"color: #000000;\">Como parte de su jornada de trabajo, Benavides visit\u00f3 en su domicilio en Ferre\u00f1afe a Oscar Bernilla Carlos, docente que integra el equipo de la iniciativa Wamranchikkuna wasinpi radyunwan yacakun (Trabajando con amor), que se encarga de traducir los audios de Aprendo en Casa al quechua ca\u00f1aris-incahuasi (quechau norte\u00f1o).<\/span><\/p>\n<p><span style=\"color: #000000;\">Asimismo, visit\u00f3 en su casa en la provincia de Chiclayo al maestro Zenobio Elera Pintado, creador de la canci\u00f3n \u201cQu\u00e9date en casa\u201d.<\/span><\/p>\n","protected":false},"excerpt":{"rendered":"<p>En visita de trabajo a la regi\u00f3n Lambayeque inaugur\u00f3 nueva infraestructura educativa para m\u00e1s de 750 escolares Lima, 28 Agosto, (ANDINA).- El ministro de Educaci\u00f3n, Mart\u00edn Benavides, firm\u00f3 hoy en Lambayeque la resoluci\u00f3n que crea la comisi\u00f3n t\u00e9cnica que implementar\u00e1 el plan de emergencia orientado a lograr que la Universidad Nacional Pedro Ruiz Gallo (UNPRG) [&hellip;]<\/p>\n","protected":false},"author":1,"featured_media":81050,"comment_status":"open","ping_status":"open","sticky":false,"template":"","format":"standard","meta":{"rop_custom_images_group":[],"rop_custom_messages_group":[],"rop_publish_now":"initial","rop_publish_now_accounts":[],"rop_publish_now_history":[],"rop_publish_now_status":"pending","footnotes":""},"categories":[5],"tags":[4827,1668,328],"class_list":["post-81049","post","type-post","status-publish","format-standard","has-post-thumbnail","hentry","category-actualidad-informativa","tag-martin-benavides","tag-minedu","tag-ministerio-de-de-educacion"],"_links":{"self":[{"href":"https:\/\/elinformanteperu.com\/index.php\/wp-json\/wp\/v2\/posts\/81049","targetHints":{"allow":["GET"]}}],"collection":[{"href":"https:\/\/elinformanteperu.com\/index.php\/wp-json\/wp\/v2\/posts"}],"about":[{"href":"https:\/\/elinformanteperu.com\/index.php\/wp-json\/wp\/v2\/types\/post"}],"author":[{"embeddable":true,"href":"https:\/\/elinformanteperu.com\/index.php\/wp-json\/wp\/v2\/users\/1"}],"replies":[{"embeddable":true,"href":"https:\/\/elinformanteperu.com\/index.php\/wp-json\/wp\/v2\/comments?post=81049"}],"version-history":[{"count":1,"href":"https:\/\/elinformanteperu.com\/index.php\/wp-json\/wp\/v2\/posts\/81049\/revisions"}],"predecessor-version":[{"id":81051,"href":"https:\/\/elinformanteperu.com\/index.php\/wp-json\/wp\/v2\/posts\/81049\/revisions\/81051"}],"wp:featuredmedia":[{"embeddable":true,"href":"https:\/\/elinformanteperu.com\/index.php\/wp-json\/wp\/v2\/media\/81050"}],"wp:attachment":[{"href":"https:\/\/elinformanteperu.com\/index.php\/wp-json\/wp\/v2\/media?parent=81049"}],"wp:term":[{"taxonomy":"category","embeddable":true,"href":"https:\/\/elinformanteperu.com\/index.php\/wp-json\/wp\/v2\/categories?post=81049"},{"taxonomy":"post_tag","embeddable":true,"href":"https:\/\/elinformanteperu.com\/index.php\/wp-json\/wp\/v2\/tags?post=81049"}],"curies":[{"name":"wp","href":"https:\/\/api.w.org\/{rel}","templated":true}]}}