{"id":80799,"date":"2020-08-25T23:20:02","date_gmt":"2020-08-26T04:20:02","guid":{"rendered":"https:\/\/elinformanteperu.com\/?p=80799"},"modified":"2020-08-25T23:20:02","modified_gmt":"2020-08-26T04:20:02","slug":"casi-la-mitad-de-peruanos-considera-que-no-se-practica-ningun-valor-en-el-pais","status":"publish","type":"post","link":"https:\/\/elinformanteperu.com\/index.php\/2020\/08\/25\/casi-la-mitad-de-peruanos-considera-que-no-se-practica-ningun-valor-en-el-pais\/","title":{"rendered":"Casi la mitad de peruanos considera que no se practica ning\u00fan valor en el pa\u00eds"},"content":{"rendered":"<p><strong><span style=\"color: #000000;\">Seg\u00fan \u00faltima encuesta nacional de valores y ciudadan\u00eda para el Proyecto Especial Bicentenario<\/span><\/strong><\/p>\n<p><span style=\"color: #000000;\"><strong>Lima, 25 Agosto, (ANDINA).-<\/strong> El 45% de ciudadanos peruanos considera que en el pa\u00eds no se practica ning\u00fan valor, seg\u00fan se\u00f1ala una encuesta nacional desarrollada el mes pasado por Datum Internacional, para el Proyecto Especial Bicentenario de la Presidencia del Consejo de Ministros (PCM).<\/span><\/p>\n<p><span style=\"color: #000000;\">El resultado del estudio, que sirve de base para reflexionar sobre la urgencia de la promoci\u00f3n de valores y la construcci\u00f3n de un nuevo tipo de ciudadan\u00eda, tambi\u00e9n destac\u00f3 que el 77% de entrevistados se autodefine como honestos.<\/span><\/p>\n<p><span style=\"color: #000000;\">\u00abEl estudio muestra c\u00f3mo la elevada percepci\u00f3n de deshonestidad, carencia de valores y falta de capacidad de di\u00e1logo, ha socavado las relaciones entre peruanos generando un contexto caracterizado por la desconfianza y pobre empat\u00eda hacia el otro\u00bb, afirm\u00f3 Sandra Salcedo, directora de Comunicaci\u00f3n Estrat\u00e9gica del Proyecto Especial Bicentenario.<\/span><\/p>\n<p><span style=\"color: #000000;\">Agreg\u00f3 que, en general, las personas desean un cambio de valores y manifestaron su voluntad de compromiso para un cambio estructural en los valores del pa\u00eds. La encuesta, adem\u00e1s, arroj\u00f3 que un 80% piensa que se deber\u00eda trabajar juntos por un futuro mejor y un 75% opina que se debe de respetar a todos por igual.<\/span><\/p>\n<p><span style=\"color: #000000;\">Del mismo modo, se resalta que 9 de cada 10 ciudadanos piensa que en el pa\u00eds no se sabe dialogar y que eso genera retraso en el pa\u00eds. \u00abDentro del repertorio de pr\u00e1cticas ciudadanas no se encuentran las capacidades de dialogar ni ponerse de acuerdo. Esto genera una autopercepci\u00f3n de incapacidad, en contraposici\u00f3n a lo que ocurre con la solidaridad, una capacidad demostrada e internalizada por los peruanos en tiempos de crisis\u00bb, indic\u00f3 Salcedo.<\/span><\/p>\n<p><span style=\"color: #000000;\">Otro dato que exhibi\u00f3 este estudio es que el 60% de encuestados, es decir 6 de cada 10, ven en la conmemoraci\u00f3n del Bicentenario una oportunidad de cambio en valores ciudadanos. De este porcentaje un 99% est\u00e1 dispuesto a ser parte de este cambio.<\/span><\/p>\n<p><span style=\"color: #000000;\">Asimismo, desvel\u00f3 que el 30% de los peruanos cree que el principal problema del pa\u00eds, adem\u00e1s de la emergencia sanitaria por el covid-19, es la corrupci\u00f3n. Incluso, determin\u00f3 que el 70% considera que la corrupci\u00f3n se ha convertido en un problema que nos viene agobiando los \u00faltimos 50 a\u00f1os.<\/span><\/p>\n<p><span style=\"color: #000000;\">Pese a la dif\u00edcil situaci\u00f3n debido al covid-19, el 46% de los consultados cree que su situaci\u00f3n ser\u00e1 mejor en julio del 2021.<\/span><\/p>\n<p><strong><span style=\"color: #000000;\">Objetivos estrat\u00e9gicos<\/span><\/strong><\/p>\n<p><span style=\"color: #000000;\">El Proyecto Especial Bicentenario, explic\u00f3 que como parte de sus objetivos estrat\u00e9gicos, se viene desplegando una serie de acciones que tienen como fin impulsar y reforzar valores ciudadanos, entre ellos:<\/span><\/p>\n<p><span style=\"color: #000000;\"><strong>&#8211; Voluntarios del Bicentenario:<\/strong> un movimiento nacional de ciudadanos de a pie, generadores del bien com\u00fan, que fomentan un cambio en valores a trav\u00e9s de sus acciones. Informaron que, en el 2021, se espera contar con 12,500 voluntarios preparados y capacitados para el desarrollo de acciones ciudadanas capaces de dar respuesta a los principales retos del pa\u00eds.<\/span><\/p>\n<p><span style=\"color: #000000;\"><strong>&#8211; Centro de Recursos para la Ciudadan\u00eda:<\/strong> una plataforma virtual de herramientas para ni\u00f1os y adolescentes orientada a la formaci\u00f3n en valores y ciudadan\u00eda, que para el 2021 se espera haber impactado a miles de familias a nivel nacional con contenidos que afiancen valores como la honestidad, empat\u00eda y autoconfianza.<\/span><\/p>\n<p><span style=\"color: #000000;\"><strong>&#8211; Campa\u00f1as de valores:<\/strong> son acciones comunicacionales de alto impacto que reconocen la necesidad de un cambio de conductas sociales y culturales que debemos emprender.<\/span><\/p>\n<p><span style=\"color: #000000;\"><strong>&#8211; Cabildos 21:<\/strong> son encuentros de di\u00e1logo y aprendizaje donde j\u00f3venes estudiantes, profesionales expertos y ciudadan\u00eda en general se unen para reflexionar sobre diversas problem\u00e1ticas de nuestra sociedad y planear alternativas de soluci\u00f3n y desarrollo. Hacia el 2021, se espera impactar a 2,000 ciudadanos a nivel nacional con los Festivales Bicentenario de Innovaci\u00f3n Social (Cabildos 21).<\/span><\/p>\n<p><span style=\"color: #000000;\">&#8211;<strong> C\u00e1tedras Bicentenario:<\/strong> son espacios de reflexi\u00f3n sobre una serie de hitos de nuestra historia republicana a cargo de reconocidos acad\u00e9micos y especialistas de universidades del Per\u00fa y del extranjero. Se realizan de manera virtual con un lenguaje accesible y did\u00e1ctico, pero con rigurosidad hist\u00f3rica, a trav\u00e9s de clases magistrales y mesas de debate.<\/span><\/p>\n<p><span style=\"color: #000000;\"><strong>&#8211; Audiencias Bicentenario:<\/strong> es una iniciativa desde el Proyecto Especial Bicentenario, que propone implementar un proceso colectivo que genere una discusi\u00f3n y reflexi\u00f3n abiertas, participativas y plurales para proponer respuestas a los grandes retos del Per\u00fa del Bicentenario.<\/span><\/p>\n","protected":false},"excerpt":{"rendered":"<p>Seg\u00fan \u00faltima encuesta nacional de valores y ciudadan\u00eda para el Proyecto Especial Bicentenario Lima, 25 Agosto, (ANDINA).- El 45% de ciudadanos peruanos considera que en el pa\u00eds no se practica ning\u00fan valor, seg\u00fan se\u00f1ala una encuesta nacional desarrollada el mes pasado por Datum Internacional, para el Proyecto Especial Bicentenario de la Presidencia del Consejo de [&hellip;]<\/p>\n","protected":false},"author":1,"featured_media":80800,"comment_status":"open","ping_status":"open","sticky":false,"template":"","format":"standard","meta":{"rop_custom_images_group":[],"rop_custom_messages_group":[],"rop_publish_now":"initial","rop_publish_now_accounts":[],"rop_publish_now_history":[],"rop_publish_now_status":"pending","footnotes":""},"categories":[10],"tags":[3794,5236,5364,968,189,2317],"class_list":["post-80799","post","type-post","status-publish","format-standard","has-post-thumbnail","hentry","category-actualidad-municipal","tag-bicentenario","tag-coronavirus","tag-covid-19","tag-datum-internacional","tag-pcm","tag-presidencia-del-consejo-de-ministros"],"_links":{"self":[{"href":"https:\/\/elinformanteperu.com\/index.php\/wp-json\/wp\/v2\/posts\/80799","targetHints":{"allow":["GET"]}}],"collection":[{"href":"https:\/\/elinformanteperu.com\/index.php\/wp-json\/wp\/v2\/posts"}],"about":[{"href":"https:\/\/elinformanteperu.com\/index.php\/wp-json\/wp\/v2\/types\/post"}],"author":[{"embeddable":true,"href":"https:\/\/elinformanteperu.com\/index.php\/wp-json\/wp\/v2\/users\/1"}],"replies":[{"embeddable":true,"href":"https:\/\/elinformanteperu.com\/index.php\/wp-json\/wp\/v2\/comments?post=80799"}],"version-history":[{"count":1,"href":"https:\/\/elinformanteperu.com\/index.php\/wp-json\/wp\/v2\/posts\/80799\/revisions"}],"predecessor-version":[{"id":80801,"href":"https:\/\/elinformanteperu.com\/index.php\/wp-json\/wp\/v2\/posts\/80799\/revisions\/80801"}],"wp:featuredmedia":[{"embeddable":true,"href":"https:\/\/elinformanteperu.com\/index.php\/wp-json\/wp\/v2\/media\/80800"}],"wp:attachment":[{"href":"https:\/\/elinformanteperu.com\/index.php\/wp-json\/wp\/v2\/media?parent=80799"}],"wp:term":[{"taxonomy":"category","embeddable":true,"href":"https:\/\/elinformanteperu.com\/index.php\/wp-json\/wp\/v2\/categories?post=80799"},{"taxonomy":"post_tag","embeddable":true,"href":"https:\/\/elinformanteperu.com\/index.php\/wp-json\/wp\/v2\/tags?post=80799"}],"curies":[{"name":"wp","href":"https:\/\/api.w.org\/{rel}","templated":true}]}}