{"id":80784,"date":"2020-08-25T20:26:00","date_gmt":"2020-08-26T01:26:00","guid":{"rendered":"https:\/\/elinformanteperu.com\/?p=80784"},"modified":"2020-08-25T20:26:48","modified_gmt":"2020-08-26T01:26:48","slug":"lionel-messi-seria-vendido-asegura-expresidente-del-barcelona","status":"publish","type":"post","link":"https:\/\/elinformanteperu.com\/index.php\/2020\/08\/25\/lionel-messi-seria-vendido-asegura-expresidente-del-barcelona\/","title":{"rendered":"Lionel Messi ser\u00eda vendido, asegura expresidente del Barcelona"},"content":{"rendered":"<p><span style=\"color: #000000;\"><strong>Lima, 25 Agosto, (ANDINA).-<\/strong> Joan Laporta, presidente del Barcelona entre 2003 y 2010, manifest\u00f3 este martes en su cuenta de Twitter que sospecha que la directiva de Jose Maria Bartomeu \u00abquiere vender a Messi y que esto ser\u00eda un error hist\u00f3rico\u00bb.<\/span><\/p>\n<p><span style=\"color: #000000;\">Quien tambi\u00e9n fue candidato a las elecciones de 2015 dio esta opini\u00f3n despu\u00e9s de sentenciar que le parece \u00abun acto de cobard\u00eda del presidente y una falta de respeto al jugador\u00bb haberle dicho a Luis Su\u00e1rez por tel\u00e9fono que no contaban con \u00e9l de cara a la pr\u00f3xima temporada.<\/span><\/p>\n<p><span style=\"color: #000000;\">Seg\u00fan Laporta, \u00abesta forma de actuar es impresentable y perjudica a la imagen del club\u00bb. El exmandatario azulgrana finaliz\u00f3 su hilo de Twitter con un \u00abpobre Bar\u00e7a en manos de estos incompetentes\u00bb.<\/span><\/p>\n<p><span style=\"color: #000000;\">Despu\u00e9s de la bochornosa derrota ante el Bayern de M\u00fanich en los cuartos de final de la Liga de Campeones, Laporta ya opin\u00f3 en la misma red social que \u00abla incompetencia de Bartomeu y su junta los inhabilita para tomar m\u00e1s decisiones que condicionen el futuro del Barcelona\u00bb.<\/span><\/p>\n<blockquote class=\"twitter-tweet\">\n<p dir=\"ltr\" lang=\"es\">PSG Y MANCHESTER CITY, LOS GRANDES QUE &#8216;PUJAN&#8217; POR LEO MESSI<a href=\"https:\/\/twitter.com\/hashtag\/90MinutosFOX?src=hash&amp;ref_src=twsrc%5Etfw\">#90MinutosFOX<\/a> &#8211; Todo indica que el cuadro franc\u00e9s e ingl\u00e9s, respectivamente, est\u00e1n en la carrera por quedarse con el 10 argentino del Barcelona. <a href=\"https:\/\/t.co\/SkBy3g4wuV\">pic.twitter.com\/SkBy3g4wuV<\/a><\/p>\n<p>\u2014 FOX Sports Argentina (@FOXSportsArg) <a href=\"https:\/\/twitter.com\/FOXSportsArg\/status\/1298306586209931266?ref_src=twsrc%5Etfw\">August 25, 2020<\/a><\/p><\/blockquote>\n<p><script async src=\"https:\/\/platform.twitter.com\/widgets.js\" charset=\"utf-8\"><\/script><\/p>\n","protected":false},"excerpt":{"rendered":"<p>Lima, 25 Agosto, (ANDINA).- Joan Laporta, presidente del Barcelona entre 2003 y 2010, manifest\u00f3 este martes en su cuenta de Twitter que sospecha que la directiva de Jose Maria Bartomeu \u00abquiere vender a Messi y que esto ser\u00eda un error hist\u00f3rico\u00bb. Quien tambi\u00e9n fue candidato a las elecciones de 2015 dio esta opini\u00f3n despu\u00e9s de [&hellip;]<\/p>\n","protected":false},"author":1,"featured_media":74000,"comment_status":"open","ping_status":"open","sticky":false,"template":"","format":"standard","meta":{"rop_custom_images_group":[],"rop_custom_messages_group":[],"rop_publish_now":"initial","rop_publish_now_accounts":[],"rop_publish_now_history":[],"rop_publish_now_status":"pending","footnotes":""},"categories":[8],"tags":[303,302],"class_list":["post-80784","post","type-post","status-publish","format-standard","has-post-thumbnail","hentry","category-disciplinas-deportivas","tag-barcelona","tag-lionel-messi"],"_links":{"self":[{"href":"https:\/\/elinformanteperu.com\/index.php\/wp-json\/wp\/v2\/posts\/80784","targetHints":{"allow":["GET"]}}],"collection":[{"href":"https:\/\/elinformanteperu.com\/index.php\/wp-json\/wp\/v2\/posts"}],"about":[{"href":"https:\/\/elinformanteperu.com\/index.php\/wp-json\/wp\/v2\/types\/post"}],"author":[{"embeddable":true,"href":"https:\/\/elinformanteperu.com\/index.php\/wp-json\/wp\/v2\/users\/1"}],"replies":[{"embeddable":true,"href":"https:\/\/elinformanteperu.com\/index.php\/wp-json\/wp\/v2\/comments?post=80784"}],"version-history":[{"count":2,"href":"https:\/\/elinformanteperu.com\/index.php\/wp-json\/wp\/v2\/posts\/80784\/revisions"}],"predecessor-version":[{"id":80786,"href":"https:\/\/elinformanteperu.com\/index.php\/wp-json\/wp\/v2\/posts\/80784\/revisions\/80786"}],"wp:featuredmedia":[{"embeddable":true,"href":"https:\/\/elinformanteperu.com\/index.php\/wp-json\/wp\/v2\/media\/74000"}],"wp:attachment":[{"href":"https:\/\/elinformanteperu.com\/index.php\/wp-json\/wp\/v2\/media?parent=80784"}],"wp:term":[{"taxonomy":"category","embeddable":true,"href":"https:\/\/elinformanteperu.com\/index.php\/wp-json\/wp\/v2\/categories?post=80784"},{"taxonomy":"post_tag","embeddable":true,"href":"https:\/\/elinformanteperu.com\/index.php\/wp-json\/wp\/v2\/tags?post=80784"}],"curies":[{"name":"wp","href":"https:\/\/api.w.org\/{rel}","templated":true}]}}