{"id":79692,"date":"2020-08-12T00:33:41","date_gmt":"2020-08-12T05:33:41","guid":{"rendered":"http:\/\/elinformanteperu.com\/?p=79692"},"modified":"2020-08-12T00:34:00","modified_gmt":"2020-08-12T05:34:00","slug":"pleno-del-congreso-le-otorga-el-voto-de-confianza-al-gabinete-martos","status":"publish","type":"post","link":"https:\/\/elinformanteperu.com\/index.php\/2020\/08\/12\/pleno-del-congreso-le-otorga-el-voto-de-confianza-al-gabinete-martos\/","title":{"rendered":"Pleno del Congreso le otorga el voto de confianza al Gabinete Martos"},"content":{"rendered":"<p><strong><span style=\"color: #000000;\">La representaci\u00f3n nacional le extendi\u00f3 la confianza con 115 votos a favor<\/span><\/strong><\/p>\n<p><span style=\"color: #000000;\"><strong>Lima, 11 Agosto, (ANDINA).-<\/strong> El pleno del Congreso le otorg\u00f3 el voto de confianza al Gabinete Ministerial presidido por Walter Martos Ruiz, luego de un amplio debate en torno a la pol\u00edtica general de Gobierno.<\/span><\/p>\n<p><span style=\"color: #000000;\">Tras 12 horas de sesi\u00f3n plenaria, la representaci\u00f3n nacional le extendi\u00f3 la confianza con 115 votos a favor, 5 en contra y 4 abstenciones.<\/span><\/p>\n<p><span style=\"color: #000000;\">Las bancadas que votaron a favor del voto de investidura fueron: Acci\u00f3n Popular, Alianza para el Progreso, Somos Per\u00fa, Partido Morado, Frepap, Fuerza Popular, Uni\u00f3n por el Per\u00fa (UPP) y Podemos.<\/span><\/p>\n<p><span style=\"color: #000000;\">Cuatro legisladores del Frente Amplio y uno de UPP votaron en contra. Otros tres legisladores del Frente Amplio y uno de Acci\u00f3n Popular se abstuvieron.<\/span><\/p>\n<p><span style=\"color: #000000;\">El presidente del Consejo de Ministros inici\u00f3 su exposici\u00f3n en el recinto parlamentario a las 09.27 horas, formulando un llamado a la unidad para enfrentar la pandemia del coronavirus.<\/span><\/p>\n<p><span style=\"color: #000000;\">Luego se desarrollo el respectivo debate parlamentario.<\/span><\/p>\n<p><span style=\"color: #000000;\">El art\u00edculo 130 de la Constituci\u00f3n establece que el presidente del Consejo de Ministros, dentro de los 30 d\u00edas de haber asumido funciones, concurre al Congreso, junto con los dem\u00e1s ministros, para exponer y debatir la pol\u00edtica general del Gobierno.<\/span><\/p>\n","protected":false},"excerpt":{"rendered":"<p>La representaci\u00f3n nacional le extendi\u00f3 la confianza con 115 votos a favor Lima, 11 Agosto, (ANDINA).- El pleno del Congreso le otorg\u00f3 el voto de confianza al Gabinete Ministerial presidido por Walter Martos Ruiz, luego de un amplio debate en torno a la pol\u00edtica general de Gobierno. Tras 12 horas de sesi\u00f3n plenaria, la representaci\u00f3n [&hellip;]<\/p>\n","protected":false},"author":1,"featured_media":79693,"comment_status":"open","ping_status":"open","sticky":false,"template":"","format":"standard","meta":{"rop_custom_images_group":[],"rop_custom_messages_group":[],"rop_publish_now":"initial","rop_publish_now_accounts":[],"rop_publish_now_history":[],"rop_publish_now_status":"pending","footnotes":""},"categories":[5,5745],"tags":[192,5243],"class_list":["post-79692","post","type-post","status-publish","format-standard","has-post-thumbnail","hentry","category-actualidad-informativa","category-lo-ultimo","tag-congreso","tag-walter-martos"],"_links":{"self":[{"href":"https:\/\/elinformanteperu.com\/index.php\/wp-json\/wp\/v2\/posts\/79692","targetHints":{"allow":["GET"]}}],"collection":[{"href":"https:\/\/elinformanteperu.com\/index.php\/wp-json\/wp\/v2\/posts"}],"about":[{"href":"https:\/\/elinformanteperu.com\/index.php\/wp-json\/wp\/v2\/types\/post"}],"author":[{"embeddable":true,"href":"https:\/\/elinformanteperu.com\/index.php\/wp-json\/wp\/v2\/users\/1"}],"replies":[{"embeddable":true,"href":"https:\/\/elinformanteperu.com\/index.php\/wp-json\/wp\/v2\/comments?post=79692"}],"version-history":[{"count":1,"href":"https:\/\/elinformanteperu.com\/index.php\/wp-json\/wp\/v2\/posts\/79692\/revisions"}],"predecessor-version":[{"id":79694,"href":"https:\/\/elinformanteperu.com\/index.php\/wp-json\/wp\/v2\/posts\/79692\/revisions\/79694"}],"wp:featuredmedia":[{"embeddable":true,"href":"https:\/\/elinformanteperu.com\/index.php\/wp-json\/wp\/v2\/media\/79693"}],"wp:attachment":[{"href":"https:\/\/elinformanteperu.com\/index.php\/wp-json\/wp\/v2\/media?parent=79692"}],"wp:term":[{"taxonomy":"category","embeddable":true,"href":"https:\/\/elinformanteperu.com\/index.php\/wp-json\/wp\/v2\/categories?post=79692"},{"taxonomy":"post_tag","embeddable":true,"href":"https:\/\/elinformanteperu.com\/index.php\/wp-json\/wp\/v2\/tags?post=79692"}],"curies":[{"name":"wp","href":"https:\/\/api.w.org\/{rel}","templated":true}]}}