{"id":79689,"date":"2020-08-12T00:31:43","date_gmt":"2020-08-12T05:31:43","guid":{"rendered":"http:\/\/elinformanteperu.com\/?p=79689"},"modified":"2020-08-12T00:31:43","modified_gmt":"2020-08-12T05:31:43","slug":"odebrecht-fiscalia-pide-20-anos-y-seis-meses-de-prision-para-toledo","status":"publish","type":"post","link":"https:\/\/elinformanteperu.com\/index.php\/2020\/08\/12\/odebrecht-fiscalia-pide-20-anos-y-seis-meses-de-prision-para-toledo\/","title":{"rendered":"Odebrecht: Fiscal\u00eda pide 20 a\u00f1os y seis meses de prisi\u00f3n para Toledo"},"content":{"rendered":"<p><strong><span style=\"color: #000000;\">La fiscal\u00eda tambi\u00e9n solicit\u00f3 20 a\u00f1os de y seis meses de c\u00e1rcel para Jos\u00e9 Gra\u00f1a<\/span><\/strong><\/p>\n<p><span style=\"color: #000000;\"><strong>Lima, 11 Agosto, (ANDINA).<\/strong>&#8211; El fiscal del Equipo Especial Lava Jato, Jos\u00e9 Domingo P\u00e9rez, present\u00f3 la acusaci\u00f3n fiscal contra el expresidente Alejandro Toledo en la investigaci\u00f3n por el caso Odebrecht.<\/span><\/p>\n<p><span style=\"color: #000000;\">La fiscal\u00eda pide 20 a\u00f1os y 6 meses de pena privativa de la libertad contra el exmandatario por los delitos de colusi\u00f3n y lavado de activos por presuntamente haber recibido dinero de la constructora brasile\u00f1a para la adjudicaci\u00f3n de la Interoce\u00e1nica Sur.<\/span><\/p>\n<p><span style=\"color: #000000;\">La acusaci\u00f3n fiscal tambi\u00e9n incluye a los investigados Avraham Dan On, Sergio Bravo Orellana, Alberto Pasco-Font Quevedo, Jos\u00e9 Gra\u00f1a Miro Quesada, Fernando Camet Piccone, Jos\u00e9 Castillo Dibos, Hernando Gra\u00f1a Acu\u00f1a y Gonzalo Ferraro Rey.<\/span><\/p>\n<p><span style=\"color: #000000;\">La fiscal\u00eda tambi\u00e9n solicit\u00f3 20 a\u00f1os de y seis meses de c\u00e1rcel para Jos\u00e9 Gra\u00f1a por los delitos de colusi\u00f3n y lavado de activos, mientras que para Hernando Gra\u00f1a pidi\u00f3 11 a\u00f1os y seis meses de prisi\u00f3n por el delito de lavado de activos.<\/span><\/p>\n<p><span style=\"color: #000000;\">Para Avi Dan On, ex asesor de seguridad de Toledo, el Ministerio P\u00fablico pidi\u00f3 para \u00e9l 9 a\u00f1os de c\u00e1rcel por el delito de colusi\u00f3n.<\/span><\/p>\n<p><span style=\"color: #000000;\">El pasado mes de junio, el fiscal coordinador del Equipo Especial Lava Jato, Rafael Vela, refiri\u00f3 que las investigaciones de la fiscal\u00eda hab\u00edan sufrido una paralizaci\u00f3n por la pandemia del coronavirus, pero que esperaban tener la acusaci\u00f3n contra Toledo Manrique por la Interoce\u00e1nica Sur antes de la audiencia de extradici\u00f3n.<\/span><\/p>\n","protected":false},"excerpt":{"rendered":"<p>La fiscal\u00eda tambi\u00e9n solicit\u00f3 20 a\u00f1os de y seis meses de c\u00e1rcel para Jos\u00e9 Gra\u00f1a Lima, 11 Agosto, (ANDINA).&#8211; El fiscal del Equipo Especial Lava Jato, Jos\u00e9 Domingo P\u00e9rez, present\u00f3 la acusaci\u00f3n fiscal contra el expresidente Alejandro Toledo en la investigaci\u00f3n por el caso Odebrecht. La fiscal\u00eda pide 20 a\u00f1os y 6 meses de pena [&hellip;]<\/p>\n","protected":false},"author":1,"featured_media":79690,"comment_status":"open","ping_status":"open","sticky":false,"template":"","format":"standard","meta":{"rop_custom_images_group":[],"rop_custom_messages_group":[],"rop_publish_now":"initial","rop_publish_now_accounts":[],"rop_publish_now_history":[],"rop_publish_now_status":"pending","footnotes":""},"categories":[5],"tags":[208,619],"class_list":["post-79689","post","type-post","status-publish","format-standard","has-post-thumbnail","hentry","category-actualidad-informativa","tag-alejandro-toledo","tag-odebrecht"],"_links":{"self":[{"href":"https:\/\/elinformanteperu.com\/index.php\/wp-json\/wp\/v2\/posts\/79689","targetHints":{"allow":["GET"]}}],"collection":[{"href":"https:\/\/elinformanteperu.com\/index.php\/wp-json\/wp\/v2\/posts"}],"about":[{"href":"https:\/\/elinformanteperu.com\/index.php\/wp-json\/wp\/v2\/types\/post"}],"author":[{"embeddable":true,"href":"https:\/\/elinformanteperu.com\/index.php\/wp-json\/wp\/v2\/users\/1"}],"replies":[{"embeddable":true,"href":"https:\/\/elinformanteperu.com\/index.php\/wp-json\/wp\/v2\/comments?post=79689"}],"version-history":[{"count":1,"href":"https:\/\/elinformanteperu.com\/index.php\/wp-json\/wp\/v2\/posts\/79689\/revisions"}],"predecessor-version":[{"id":79691,"href":"https:\/\/elinformanteperu.com\/index.php\/wp-json\/wp\/v2\/posts\/79689\/revisions\/79691"}],"wp:featuredmedia":[{"embeddable":true,"href":"https:\/\/elinformanteperu.com\/index.php\/wp-json\/wp\/v2\/media\/79690"}],"wp:attachment":[{"href":"https:\/\/elinformanteperu.com\/index.php\/wp-json\/wp\/v2\/media?parent=79689"}],"wp:term":[{"taxonomy":"category","embeddable":true,"href":"https:\/\/elinformanteperu.com\/index.php\/wp-json\/wp\/v2\/categories?post=79689"},{"taxonomy":"post_tag","embeddable":true,"href":"https:\/\/elinformanteperu.com\/index.php\/wp-json\/wp\/v2\/tags?post=79689"}],"curies":[{"name":"wp","href":"https:\/\/api.w.org\/{rel}","templated":true}]}}