{"id":79667,"date":"2020-08-11T23:56:12","date_gmt":"2020-08-12T04:56:12","guid":{"rendered":"http:\/\/elinformanteperu.com\/?p=79667"},"modified":"2020-08-11T23:56:12","modified_gmt":"2020-08-12T04:56:12","slug":"walter-martos-las-frases-que-dejo-su-presentacion-ante-el-congreso","status":"publish","type":"post","link":"https:\/\/elinformanteperu.com\/index.php\/2020\/08\/11\/walter-martos-las-frases-que-dejo-su-presentacion-ante-el-congreso\/","title":{"rendered":"Walter Martos: las frases que dej\u00f3 su presentaci\u00f3n ante el Congreso"},"content":{"rendered":"<p><strong><span style=\"color: #000000;\">Present\u00f3 ante el Congreso la pol\u00edtica general del Gobierno y solicit\u00f3 el voto de confianza a la representaci\u00f3n nacional.<\/span><\/strong><\/p>\n<p><span style=\"color: #000000;\"><strong>Lima, 11 Agosto, (ANDINA).-<\/strong> El presidente del Consejo de Ministros, Walter Martos, present\u00f3 ante el Congreso la pol\u00edtica general del Gobierno y solicit\u00f3 el voto de confianza a la representaci\u00f3n nacional. Estas fueros las frases m\u00e1s importantes que dej\u00f3 su discurso.<\/span><\/p>\n<p><span style=\"color: #000000;\">-Afrontamos una de las peores crisis sanitarias, econ\u00f3micas y sociales de los \u00faltimos 50 a\u00f1os. Frente a este enorme desaf\u00edo, la palabra unidad se torna m\u00e1s necesaria que nunca.<\/span><\/p>\n<p><span style=\"color: #000000;\">-La prioridad de mi gesti\u00f3n es, sin lugar a dudas, la lucha contra la pandemia. Ganar esta batalla requiere del trabajo conjunto y organizado de todos los niveles de gobierno, municipalidades, gobiernos regionales, el empresariado y la sociedad civil.<\/span><\/p>\n<p><span style=\"color: #000000;\">-El d\u00eda de ma\u00f1ana aprobaremos en sesi\u00f3n de Consejo de Ministros, un decreto supremo con medidas complementarias que ayuden a revertir esta situaci\u00f3n. Si no contenemos la enfermedad, ser\u00e1 dif\u00edcil avanzar con la reactivaci\u00f3n de nuestra econom\u00eda.<\/span><\/p>\n<p><span style=\"color: #000000;\">-Vamos a profundizar, a nivel nacional, las intervenciones multisectoriales coordinadas por el Ministerio de Defensa para el control del distanciamiento social y el aforo en lugares de concentraci\u00f3n masiva de personas: mercados, centros comerciales, paraderos, bancos y otros.<\/span><\/p>\n<p><span style=\"color: #000000;\">-Para fines de agosto de este a\u00f1o, debemos tener instalados 50 mercados temporales m\u00e1s en las regiones de Amazonas, \u00c1ncash, Apur\u00edmac, Arequipa, Ayacucho, Cajamarca, Cusco, Huancavelica, Hu\u00e1nuco, Ica, Lambayeque, La Libertad, Lima, Loreto, Moquegua, Piura, Pasco, Puno, San Mart\u00edn, Tumbes y Ucayali.<\/span><\/p>\n<p><span style=\"color: #000000;\">-A fin de proteger a la poblaci\u00f3n, estamos destinando m\u00e1s de 45 millones soles para adquirir escudos faciales de uso comunitario a ser entregados a los potenciales usuarios del servicio de transporte terrestre regular de personas.<\/span><\/p>\n<p><span style=\"color: #000000;\">-Hemos dado instrucciones precisas para mejorar la distribuci\u00f3n gratuita de agua potable a favor de las poblaciones m\u00e1s vulnerables que no cuentan con este servicio. Esta medida beneficiar\u00e1 a 800,000 habitantes de diferentes regiones.<\/span><\/p>\n<p><span style=\"color: #000000;\">-Desplegaremos equipos gerenciales que permanecer\u00e1n en las regiones brindando acompa\u00f1amiento a los funcionarios responsables en materia de gesti\u00f3n epidemiol\u00f3gica, cl\u00ednica y administrativa. Esta iniciativa movilizar\u00e1 a 112 expertos.<\/span><\/p>\n<p><span style=\"color: #000000;\">-Con relaci\u00f3n a las camas UCI empezamos con 100 camas, a la fecha tenemos 1600 y la proyecci\u00f3n al 28 de julio de 2021 es de 3000, acorde con los dem\u00e1s pa\u00edses de la regi\u00f3n.<\/span><\/p>\n<p><span style=\"color: #000000;\">-Desplegaremos todos los esfuerzos que sean necesarios para cubrir el d\u00e9ficit de ox\u00edgeno medicinal y para que nuestros ciudadanos no tengan que hacer largas colas o amanecerse en la b\u00fasqueda de este recurso fundamental.<\/span><\/p>\n<p><span style=\"color: #000000;\">-El acceso oportuno a la vacuna contra el covid-19, es un objetivo nacional, tal como ha se\u00f1alado el se\u00f1or presidente de la Rep\u00fablica (&#8230;) Entre agosto y septiembre del presente a\u00f1o se espera concluir con al menos tres acuerdos con laboratorios farmac\u00e9uticos, que incluyan la realizaci\u00f3n de ensayos cl\u00ednicos en el Per\u00fa.<\/span><\/p>\n<p><span style=\"color: #000000;\">-El d\u00eda jueves 13 de agosto, se presentar\u00e1 un segundo informe donde se incorporar\u00e1n al registro del Centro Nacional de Epidemiolog\u00eda y Control de Enfermedades, otro n\u00famero de defunciones, que antes fueron consideradas como sospechosas, y que con la rigurosidad del caso, pasan formalmente a un conteo.<\/span><\/p>\n<p><span style=\"color: #000000;\">-No aceptaremos ning\u00fan tipo de discriminaci\u00f3n, olvido o violencia, hacia las comunidades nativas y pueblos originarios. El \u00fanico camino para la soluci\u00f3n de sus problemas es conocer in situ, sus necesidades y propiciar el di\u00e1logo para la soluci\u00f3n de controversias.<\/span><\/p>\n<p><span style=\"color: #000000;\">-Nuestro principal objetivo es que la ejecuci\u00f3n de la inversi\u00f3n p\u00fablica se incremente 20% en el segundo semestre de este a\u00f1o y crezca al menos 10% en el 2021. Para ello, esperamos invertir cerca de 20,000 millones de soles en lo que resta del a\u00f1o y 35,000 millones para el 2021.<\/span><\/p>\n<p><span style=\"color: #000000;\">-A trav\u00e9s de una acci\u00f3n articuladora, servicios de asistencia t\u00e9cnica, y soporte productivo de la Red de Centros de Innovaci\u00f3n Productiva y Transferencia Tecnol\u00f3gica, buscamos reactivar e impulsar a por lo menos 30,000 mypes regionales que hoy se encuentran en condici\u00f3n de vulnerabilidad por la paralizaci\u00f3n econ\u00f3mica<\/span><\/p>\n<p><span style=\"color: #000000;\">-El Poder Ejecutivo enviar\u00e1 un proyecto de ley con medidas excepcionales a fin de establecer un camino hacia la reestructuraci\u00f3n financiera de municipalidades (que por a\u00f1os atraviesan sobreendeudamiento).<\/span><\/p>\n<p><span style=\"color: #000000;\">&#8211; Para la entrega del segundo tramo del Bono Familiar Universal, que se inicia hoy, y del segundo bono universal que beneficiar\u00e1 a cerca de 8 millones y medio de familias, ya contamos con el Registro Nacional de Hogares.<\/span><\/p>\n<p><span style=\"color: #000000;\">-La lucha contra la violencia hacia las mujeres es una prioridad de este gobierno. No podemos seguir tolerando este flagelo que atenta no solo contra la dignidad y los derechos de las mujeres, sino contra los valores en los que se basa nuestra convivencia arm\u00f3nica.<\/span><\/p>\n<p><span style=\"color: #000000;\">-El Estado no puede ser indiferente ante las ni\u00f1as, ni\u00f1os y adolescentes hu\u00e9rfanos por el covid-19, en esa medida y, en consonancia con sus obligaciones internacionales, les otorgar\u00e1 una pensi\u00f3n por orfandad, que implica una asistencia econ\u00f3mica de 200 soles mensuales hasta que alcancen la mayor\u00eda de edad.<\/span><\/p>\n<p><span style=\"color: #000000;\">-La estrategia Aprendo en Casa ha llegado para quedarse (&#8230;) A partir del 2021, Aprendo en casa formar\u00e1 parte de la propuesta pedag\u00f3gica integral del Ministerio de Educaci\u00f3n.<\/span><\/p>\n<p><span style=\"color: #000000;\">-Nuestro gobierno tiene un firme compromiso con la promoci\u00f3n y el respeto de los derechos humanos. Estamos convencidos que una sociedad prospera y desarrollada garantiza su goce pleno y efectivo.<\/span><\/p>\n<p><span style=\"color: #000000;\">-Fortaleceremos e incrementaremos las acciones y operaciones de la estrategia conjunta, entre la Polic\u00eda Nacional y las Fuerzas Armadas, con el apoyo del serenazgo, a fin de incrementar el n\u00famero de efectivos y la frecuencia en el patrullaje, con acciones estrat\u00e9gicas especiales focalizadas en los lugares de mayor incidencia delictiva.<\/span><\/p>\n<p><span style=\"color: #000000;\">-En lo que respecta a la lucha contra el crimen organizado y terrorismo, se continuar\u00e1 con las operaciones de interdicci\u00f3n para combatir de manera efectiva a las bandas y organizaciones criminales, ya no habr\u00e1 m\u00e1s impunidad.<\/span><\/p>\n<p><span style=\"color: #000000;\">-Mejores reglas pol\u00edticas garantizar\u00e1n mejores autoridades y estas, a su vez, garantizar\u00e1n mejores servicios.<\/span><\/p>\n<p><span style=\"color: #000000;\">-El Pacto Per\u00fa representa una apuesta a largo plazo entre los actores pol\u00edticos en temas concretos, para ofrecer las garant\u00edas de que las medidas a ejecutarse puedan tener sostenibilidad en el tiempo y no est\u00e9n condicionadas a la coyuntura.<\/span><\/p>\n<p><span style=\"color: #000000;\">-D\u00e9monos juntos la oportunidad de perseverar en el di\u00e1logo sin descuidar el sentido de urgencia que la hora actual nos exige, y dejemos al pa\u00eds un legado que permita recuperar la confianza en la pol\u00edtica.<\/span><\/p>\n<p><span style=\"color: #000000;\">Hemos venido a pedir el voto de confianza, pero tambi\u00e9n hemos venido a pedir uni\u00f3n y no podremos unirnos mientras no retiremos de nuestros corazones todo tipo de odio y resentimiento.<\/span><\/p>\n","protected":false},"excerpt":{"rendered":"<p>Present\u00f3 ante el Congreso la pol\u00edtica general del Gobierno y solicit\u00f3 el voto de confianza a la representaci\u00f3n nacional. Lima, 11 Agosto, (ANDINA).- El presidente del Consejo de Ministros, Walter Martos, present\u00f3 ante el Congreso la pol\u00edtica general del Gobierno y solicit\u00f3 el voto de confianza a la representaci\u00f3n nacional. Estas fueros las frases m\u00e1s [&hellip;]<\/p>\n","protected":false},"author":1,"featured_media":79668,"comment_status":"open","ping_status":"open","sticky":false,"template":"","format":"standard","meta":{"rop_custom_images_group":[],"rop_custom_messages_group":[],"rop_publish_now":"initial","rop_publish_now_accounts":[],"rop_publish_now_history":[],"rop_publish_now_status":"pending","footnotes":""},"categories":[5],"tags":[192,5243],"class_list":["post-79667","post","type-post","status-publish","format-standard","has-post-thumbnail","hentry","category-actualidad-informativa","tag-congreso","tag-walter-martos"],"_links":{"self":[{"href":"https:\/\/elinformanteperu.com\/index.php\/wp-json\/wp\/v2\/posts\/79667","targetHints":{"allow":["GET"]}}],"collection":[{"href":"https:\/\/elinformanteperu.com\/index.php\/wp-json\/wp\/v2\/posts"}],"about":[{"href":"https:\/\/elinformanteperu.com\/index.php\/wp-json\/wp\/v2\/types\/post"}],"author":[{"embeddable":true,"href":"https:\/\/elinformanteperu.com\/index.php\/wp-json\/wp\/v2\/users\/1"}],"replies":[{"embeddable":true,"href":"https:\/\/elinformanteperu.com\/index.php\/wp-json\/wp\/v2\/comments?post=79667"}],"version-history":[{"count":1,"href":"https:\/\/elinformanteperu.com\/index.php\/wp-json\/wp\/v2\/posts\/79667\/revisions"}],"predecessor-version":[{"id":79669,"href":"https:\/\/elinformanteperu.com\/index.php\/wp-json\/wp\/v2\/posts\/79667\/revisions\/79669"}],"wp:featuredmedia":[{"embeddable":true,"href":"https:\/\/elinformanteperu.com\/index.php\/wp-json\/wp\/v2\/media\/79668"}],"wp:attachment":[{"href":"https:\/\/elinformanteperu.com\/index.php\/wp-json\/wp\/v2\/media?parent=79667"}],"wp:term":[{"taxonomy":"category","embeddable":true,"href":"https:\/\/elinformanteperu.com\/index.php\/wp-json\/wp\/v2\/categories?post=79667"},{"taxonomy":"post_tag","embeddable":true,"href":"https:\/\/elinformanteperu.com\/index.php\/wp-json\/wp\/v2\/tags?post=79667"}],"curies":[{"name":"wp","href":"https:\/\/api.w.org\/{rel}","templated":true}]}}