{"id":7946,"date":"2017-04-07T00:47:18","date_gmt":"2017-04-07T05:47:18","guid":{"rendered":"http:\/\/elinformanteperu.com\/?p=7946"},"modified":"2017-04-07T00:47:18","modified_gmt":"2017-04-07T05:47:18","slug":"peru-ascendio-42-posiciones-internacionalmente-bajo-el-mando-de-gareca","status":"publish","type":"post","link":"https:\/\/elinformanteperu.com\/index.php\/2017\/04\/07\/peru-ascendio-42-posiciones-internacionalmente-bajo-el-mando-de-gareca\/","title":{"rendered":"Per\u00fa ascendi\u00f3 42 posiciones internacionalmente bajo el mando de Gareca"},"content":{"rendered":"<p><strong>La selecci\u00f3n peruana, ubicada en el puesto 17 de la clasificaci\u00f3n mensual de la FIFA, escal\u00f3 42 posiciones desde que el argentino Ricardo Gareca asumi\u00f3 la direcci\u00f3n t\u00e9cnica.<\/strong><\/p>\n<p><strong>Lima, 06 Abril 2017, (ANDINA).-<\/strong> La selecci\u00f3n peruana, ubicada hoy en el puesto 17 de la clasificaci\u00f3n mensual de la FIFA, escal\u00f3 42 posiciones a escala mundial desde que el argentino Ricardo Gareca asumi\u00f3 la direcci\u00f3n t\u00e9cnica de la Bicolor.<\/p>\n<p>Desde marzo del 2015, fecha en que Gareca tom\u00f3 las riendas del combinado incaico, Per\u00fa disput\u00f3 la Copa Am\u00e9rica Chile 2015 (tercer lugar), la Copa Am\u00e9rica Centenario 2016 (cuartos de final) y el actual proceso clasificatorio rumbo al Mundial de Rusia 2018 (18 puntos y mantiene la chance de clasificar).<\/p>\n<p>Antes de la Copa Am\u00e9rica de Chile, la Blanquirroja ocup\u00f3 el puesto 61 pero tras obtener la medalla de bronce escal\u00f3 15 puestos y alcanz\u00f3 la casilla 46.<\/p>\n<p>Sin embargo, el flojo inicio de Eliminatorias provoc\u00f3 que se retroceda hasta el casillero 57. Per\u00fa perdi\u00f3 en las dos primeras jornadas: ante Colombia (2-0) y frente a Chile (4-3).<\/p>\n<p>La recuperaci\u00f3n empez\u00f3 en la fecha 3 de las eliminatorias, cuando el seleccionado blanquirrojo venci\u00f3 a Paraguay en Lima (1-0) con anotaci\u00f3n de Jefferson Farf\u00e1n.<\/p>\n<p>Previo a la Copa Am\u00e9rica Centenario disputada en Estados Unidos, la selecci\u00f3n se encontraba en el puesto 48, pero tras disputar los cuartos de final en condici\u00f3n de invicto, lleg\u00f3 al puesto 34.<\/p>\n<p>Entre septiembre y noviembre del 2016, Per\u00fa fue en franco ascenso. Super\u00f3 en mesa a Bolivia y dobleg\u00f3 por 2-1 a Ecuador. En septiembre se alcanz\u00f3 el casillero 25, en octubre el 23 y en noviembre el 19.<\/p>\n<p>Febrero y marzo lo albergaron en el puesto 18 y hoy, tras el empate en Matur\u00edn con Venezuela y la victoria contra Uruguay por 2 goles a 1, Per\u00fa ocupa el puesto 17.<\/p>\n<p><img fetchpriority=\"high\" decoding=\"async\" class=\"size-large wp-image-4430 aligncenter\" src=\"http:\/\/elinformanteperu.com\/wp-content\/uploads\/2017\/01\/andy-polo-seleccion-1024x683.jpg\" alt=\"\" width=\"615\" height=\"410\" srcset=\"https:\/\/elinformanteperu.com\/wp-content\/uploads\/2017\/01\/andy-polo-seleccion-1024x683.jpg 1024w, https:\/\/elinformanteperu.com\/wp-content\/uploads\/2017\/01\/andy-polo-seleccion-300x200.jpg 300w, https:\/\/elinformanteperu.com\/wp-content\/uploads\/2017\/01\/andy-polo-seleccion-768x512.jpg 768w, https:\/\/elinformanteperu.com\/wp-content\/uploads\/2017\/01\/andy-polo-seleccion-128x85.jpg 128w, https:\/\/elinformanteperu.com\/wp-content\/uploads\/2017\/01\/andy-polo-seleccion-32x21.jpg 32w, https:\/\/elinformanteperu.com\/wp-content\/uploads\/2017\/01\/andy-polo-seleccion.jpg 1800w\" sizes=\"(max-width: 615px) 100vw, 615px\" \/><\/p>\n","protected":false},"excerpt":{"rendered":"<p>La selecci\u00f3n peruana, ubicada en el puesto 17 de la clasificaci\u00f3n mensual de la FIFA, escal\u00f3 42 posiciones desde que el argentino Ricardo Gareca asumi\u00f3 la direcci\u00f3n t\u00e9cnica. Lima, 06 Abril 2017, (ANDINA).- La selecci\u00f3n peruana, ubicada hoy en el puesto 17 de la clasificaci\u00f3n mensual de la FIFA, escal\u00f3 42 posiciones a escala mundial [&hellip;]<\/p>\n","protected":false},"author":1,"featured_media":7755,"comment_status":"open","ping_status":"open","sticky":false,"template":"","format":"standard","meta":{"rop_custom_images_group":[],"rop_custom_messages_group":[],"rop_publish_now":"initial","rop_publish_now_accounts":[],"rop_publish_now_history":[],"rop_publish_now_status":"pending","footnotes":""},"categories":[8],"tags":[268,92],"class_list":["post-7946","post","type-post","status-publish","format-standard","has-post-thumbnail","hentry","category-disciplinas-deportivas","tag-fifa","tag-ricardo-gareca"],"_links":{"self":[{"href":"https:\/\/elinformanteperu.com\/index.php\/wp-json\/wp\/v2\/posts\/7946","targetHints":{"allow":["GET"]}}],"collection":[{"href":"https:\/\/elinformanteperu.com\/index.php\/wp-json\/wp\/v2\/posts"}],"about":[{"href":"https:\/\/elinformanteperu.com\/index.php\/wp-json\/wp\/v2\/types\/post"}],"author":[{"embeddable":true,"href":"https:\/\/elinformanteperu.com\/index.php\/wp-json\/wp\/v2\/users\/1"}],"replies":[{"embeddable":true,"href":"https:\/\/elinformanteperu.com\/index.php\/wp-json\/wp\/v2\/comments?post=7946"}],"version-history":[{"count":1,"href":"https:\/\/elinformanteperu.com\/index.php\/wp-json\/wp\/v2\/posts\/7946\/revisions"}],"predecessor-version":[{"id":7947,"href":"https:\/\/elinformanteperu.com\/index.php\/wp-json\/wp\/v2\/posts\/7946\/revisions\/7947"}],"wp:featuredmedia":[{"embeddable":true,"href":"https:\/\/elinformanteperu.com\/index.php\/wp-json\/wp\/v2\/media\/7755"}],"wp:attachment":[{"href":"https:\/\/elinformanteperu.com\/index.php\/wp-json\/wp\/v2\/media?parent=7946"}],"wp:term":[{"taxonomy":"category","embeddable":true,"href":"https:\/\/elinformanteperu.com\/index.php\/wp-json\/wp\/v2\/categories?post=7946"},{"taxonomy":"post_tag","embeddable":true,"href":"https:\/\/elinformanteperu.com\/index.php\/wp-json\/wp\/v2\/tags?post=7946"}],"curies":[{"name":"wp","href":"https:\/\/api.w.org\/{rel}","templated":true}]}}