{"id":7943,"date":"2017-04-07T00:42:28","date_gmt":"2017-04-07T05:42:28","guid":{"rendered":"http:\/\/elinformanteperu.com\/?p=7943"},"modified":"2017-04-07T00:42:28","modified_gmt":"2017-04-07T05:42:28","slug":"julio-cesar-uribe-pide-a-tecnico-peruano-para-la-blanquirroja","status":"publish","type":"post","link":"https:\/\/elinformanteperu.com\/index.php\/2017\/04\/07\/julio-cesar-uribe-pide-a-tecnico-peruano-para-la-blanquirroja\/","title":{"rendered":"Julio C\u00e9sar Uribe pide a t\u00e9cnico peruano para la Blanquirroja"},"content":{"rendered":"<p><strong>El exmundialista peruano Julio C\u00e9sar Uribe prefiere a un t\u00e9cnico nacional que sustituya al entrenador argentino Ricardo &#8216;Tigre&#8217; Gareca.<\/strong><\/p>\n<p><strong>Lima, 06 Abril 2017, (ANDINA).-<\/strong> El exmundialista peruano Julio C\u00e9sar Uribe prefiere a un t\u00e9cnico nacional como futuro timonel de la Blanquirroja, en sustituci\u00f3n del entrenador argentino Ricardo &#8216;Tigre&#8217; Gareca.<\/p>\n<p>Para Uribe, la Federaci\u00f3n Peruana de F\u00fatbol (FPF) ha optado durante mucho tiempo por estrategas for\u00e1neos a pesar de que en el Per\u00fa hay varios estrategas con grandes capacidades, tales como Juan Reynoso o Roberto Mosquera.<\/p>\n<p>\u00abTan malos somos los t\u00e9cnicos peruanos que ninguno es tomado en cuenta, por qu\u00e9 menosprecian la inteligencia del peruano. Ya basta. Creo que es hora de apostar tambi\u00e9n por el profesional nacional. \u00bfAlguien sabe a qu\u00e9 juegan la Sub 20 y la Sub 17?\u00bb, asegur\u00f3 Uribe a Radio Ovaci\u00f3n.<\/p>\n<p>El exentrenador de la Bicolor de 2000 a 2002, manifest\u00f3 que uno de los principales de nuestro balompi\u00e9 es que no se respetan los procesos a largo plazo.<\/p>\n<p>\u00abTodos pretenden que el juego de los clubes del Per\u00fa tiene que ser vertical, din\u00e1mico y que goce de profundidad, pero si no mejoramos en calidad como personas eso es imposible de lograr. Ac\u00e1 los calendarios no se respetan y eso tambi\u00e9n perjudica para el trabajo de los entrenadores\u00bb, culmin\u00f3.<\/p>\n<p><img fetchpriority=\"high\" decoding=\"async\" class=\"size-large wp-image-4165 aligncenter\" src=\"http:\/\/elinformanteperu.com\/wp-content\/uploads\/2017\/01\/gareca-solano-1024x683.jpg\" alt=\"\" width=\"615\" height=\"410\" srcset=\"https:\/\/elinformanteperu.com\/wp-content\/uploads\/2017\/01\/gareca-solano-1024x683.jpg 1024w, https:\/\/elinformanteperu.com\/wp-content\/uploads\/2017\/01\/gareca-solano-300x200.jpg 300w, https:\/\/elinformanteperu.com\/wp-content\/uploads\/2017\/01\/gareca-solano-768x512.jpg 768w, https:\/\/elinformanteperu.com\/wp-content\/uploads\/2017\/01\/gareca-solano-128x85.jpg 128w, https:\/\/elinformanteperu.com\/wp-content\/uploads\/2017\/01\/gareca-solano-32x21.jpg 32w, https:\/\/elinformanteperu.com\/wp-content\/uploads\/2017\/01\/gareca-solano.jpg 1800w\" sizes=\"(max-width: 615px) 100vw, 615px\" \/><\/p>\n","protected":false},"excerpt":{"rendered":"<p>El exmundialista peruano Julio C\u00e9sar Uribe prefiere a un t\u00e9cnico nacional que sustituya al entrenador argentino Ricardo &#8216;Tigre&#8217; Gareca. Lima, 06 Abril 2017, (ANDINA).- El exmundialista peruano Julio C\u00e9sar Uribe prefiere a un t\u00e9cnico nacional como futuro timonel de la Blanquirroja, en sustituci\u00f3n del entrenador argentino Ricardo &#8216;Tigre&#8217; Gareca. Para Uribe, la Federaci\u00f3n Peruana de [&hellip;]<\/p>\n","protected":false},"author":1,"featured_media":7944,"comment_status":"open","ping_status":"open","sticky":false,"template":"","format":"standard","meta":{"rop_custom_images_group":[],"rop_custom_messages_group":[],"rop_publish_now":"initial","rop_publish_now_accounts":[],"rop_publish_now_history":[],"rop_publish_now_status":"pending","footnotes":""},"categories":[8],"tags":[585,92],"class_list":["post-7943","post","type-post","status-publish","format-standard","has-post-thumbnail","hentry","category-disciplinas-deportivas","tag-julio-cesar-uribe","tag-ricardo-gareca"],"_links":{"self":[{"href":"https:\/\/elinformanteperu.com\/index.php\/wp-json\/wp\/v2\/posts\/7943","targetHints":{"allow":["GET"]}}],"collection":[{"href":"https:\/\/elinformanteperu.com\/index.php\/wp-json\/wp\/v2\/posts"}],"about":[{"href":"https:\/\/elinformanteperu.com\/index.php\/wp-json\/wp\/v2\/types\/post"}],"author":[{"embeddable":true,"href":"https:\/\/elinformanteperu.com\/index.php\/wp-json\/wp\/v2\/users\/1"}],"replies":[{"embeddable":true,"href":"https:\/\/elinformanteperu.com\/index.php\/wp-json\/wp\/v2\/comments?post=7943"}],"version-history":[{"count":1,"href":"https:\/\/elinformanteperu.com\/index.php\/wp-json\/wp\/v2\/posts\/7943\/revisions"}],"predecessor-version":[{"id":7945,"href":"https:\/\/elinformanteperu.com\/index.php\/wp-json\/wp\/v2\/posts\/7943\/revisions\/7945"}],"wp:featuredmedia":[{"embeddable":true,"href":"https:\/\/elinformanteperu.com\/index.php\/wp-json\/wp\/v2\/media\/7944"}],"wp:attachment":[{"href":"https:\/\/elinformanteperu.com\/index.php\/wp-json\/wp\/v2\/media?parent=7943"}],"wp:term":[{"taxonomy":"category","embeddable":true,"href":"https:\/\/elinformanteperu.com\/index.php\/wp-json\/wp\/v2\/categories?post=7943"},{"taxonomy":"post_tag","embeddable":true,"href":"https:\/\/elinformanteperu.com\/index.php\/wp-json\/wp\/v2\/tags?post=7943"}],"curies":[{"name":"wp","href":"https:\/\/api.w.org\/{rel}","templated":true}]}}