{"id":79336,"date":"2020-08-06T21:28:19","date_gmt":"2020-08-07T02:28:19","guid":{"rendered":"http:\/\/elinformanteperu.com\/?p=79336"},"modified":"2020-08-06T21:28:19","modified_gmt":"2020-08-07T02:28:19","slug":"pablo-bengoechea-deseo-suerte-a-alianza-lima-en-el-reinicio-de-la-liga-1","status":"publish","type":"post","link":"https:\/\/elinformanteperu.com\/index.php\/2020\/08\/06\/pablo-bengoechea-deseo-suerte-a-alianza-lima-en-el-reinicio-de-la-liga-1\/","title":{"rendered":"Pablo Bengoechea dese\u00f3 suerte a Alianza Lima en el reinicio de la Liga 1"},"content":{"rendered":"<p><strong><span style=\"color: #000000;\">El t\u00e9cnico uruguayo no olvida a Alianza Lima y desde su pa\u00eds natal le envi\u00f3 suerte.<\/span><\/strong><\/p>\n<p><span style=\"color: #000000;\"><strong>Lima, 06 Agosto, (ANDINA).-<\/strong> El t\u00e9cnico uruguayo Pablo Bengoechea no olvida a Alianza Lima y desde su pa\u00eds natal le envi\u00f3 suerte a su exequipo en el reinicio del Torneo Apertura de la Liga 1 y espera que se cumplen los objetivos trazados desde inicio de a\u00f1o cuando \u00e9l aun estaba en la cabeza del comando t\u00e9cnico.<\/span><\/p>\n<p><span style=\"color: #000000;\">\u00abSe reinicia la Liga 1: a los futbolistas, comando t\u00e9cnico y todo Alianza Lima, le deseo lo mejor. Desde Uruguay haciendo fuerza para que puedan lograr los objetivos de la temporada\u00bb, manifest\u00f3 el uruguayo.<\/span><\/p>\n<p><span style=\"color: #000000;\">Bengoechea dirigi\u00f3 al club blanquiazul hasta la fecha 6 del Torneo Apertura, cuando present\u00f3 su renuncia tras la derrota en el cl\u00e1sico.<\/span><\/p>\n<p><span style=\"color: #000000;\">El Apertura se reinicia ma\u00f1ana, pero Alianza Lima jugar\u00e1 el domingo, a las 18:00 horas, en el Estadio Nacional, ante Binacional.<\/span><\/p>\n<blockquote class=\"twitter-tweet\">\n<p dir=\"ltr\" lang=\"es\">Se reinicia la Liga 1: a los futbolistas, comando t\u00e9cnico y todo Alianza Lima le deseo lo mejor&#8230;desde Uruguay haciendo fuerza para que puedan lograr los objetivos de la temporada.<\/p>\n<p>\u2014 Pablo Bengoechea (@BengoecheaPJ) <a href=\"https:\/\/twitter.com\/BengoecheaPJ\/status\/1291335314473181186?ref_src=twsrc%5Etfw\">August 6, 2020<\/a><\/p><\/blockquote>\n<p><script async src=\"https:\/\/platform.twitter.com\/widgets.js\" charset=\"utf-8\"><\/script><\/p>\n","protected":false},"excerpt":{"rendered":"<p>El t\u00e9cnico uruguayo no olvida a Alianza Lima y desde su pa\u00eds natal le envi\u00f3 suerte. Lima, 06 Agosto, (ANDINA).- El t\u00e9cnico uruguayo Pablo Bengoechea no olvida a Alianza Lima y desde su pa\u00eds natal le envi\u00f3 suerte a su exequipo en el reinicio del Torneo Apertura de la Liga 1 y espera que se [&hellip;]<\/p>\n","protected":false},"author":1,"featured_media":5374,"comment_status":"open","ping_status":"open","sticky":false,"template":"","format":"standard","meta":{"rop_custom_images_group":[],"rop_custom_messages_group":[],"rop_publish_now":"initial","rop_publish_now_accounts":[],"rop_publish_now_history":[],"rop_publish_now_status":"pending","footnotes":""},"categories":[8],"tags":[91,712],"class_list":["post-79336","post","type-post","status-publish","format-standard","has-post-thumbnail","hentry","category-disciplinas-deportivas","tag-alianza-lima","tag-pablo-bengoechea"],"_links":{"self":[{"href":"https:\/\/elinformanteperu.com\/index.php\/wp-json\/wp\/v2\/posts\/79336","targetHints":{"allow":["GET"]}}],"collection":[{"href":"https:\/\/elinformanteperu.com\/index.php\/wp-json\/wp\/v2\/posts"}],"about":[{"href":"https:\/\/elinformanteperu.com\/index.php\/wp-json\/wp\/v2\/types\/post"}],"author":[{"embeddable":true,"href":"https:\/\/elinformanteperu.com\/index.php\/wp-json\/wp\/v2\/users\/1"}],"replies":[{"embeddable":true,"href":"https:\/\/elinformanteperu.com\/index.php\/wp-json\/wp\/v2\/comments?post=79336"}],"version-history":[{"count":1,"href":"https:\/\/elinformanteperu.com\/index.php\/wp-json\/wp\/v2\/posts\/79336\/revisions"}],"predecessor-version":[{"id":79337,"href":"https:\/\/elinformanteperu.com\/index.php\/wp-json\/wp\/v2\/posts\/79336\/revisions\/79337"}],"wp:featuredmedia":[{"embeddable":true,"href":"https:\/\/elinformanteperu.com\/index.php\/wp-json\/wp\/v2\/media\/5374"}],"wp:attachment":[{"href":"https:\/\/elinformanteperu.com\/index.php\/wp-json\/wp\/v2\/media?parent=79336"}],"wp:term":[{"taxonomy":"category","embeddable":true,"href":"https:\/\/elinformanteperu.com\/index.php\/wp-json\/wp\/v2\/categories?post=79336"},{"taxonomy":"post_tag","embeddable":true,"href":"https:\/\/elinformanteperu.com\/index.php\/wp-json\/wp\/v2\/tags?post=79336"}],"curies":[{"name":"wp","href":"https:\/\/api.w.org\/{rel}","templated":true}]}}