{"id":79332,"date":"2020-08-06T20:29:30","date_gmt":"2020-08-07T01:29:30","guid":{"rendered":"http:\/\/elinformanteperu.com\/?p=79332"},"modified":"2020-08-06T20:29:30","modified_gmt":"2020-08-07T01:29:30","slug":"maria-celeste-arraras-se-despide-de-la-conduccion-de-al-rojo-vivo","status":"publish","type":"post","link":"https:\/\/elinformanteperu.com\/index.php\/2020\/08\/06\/maria-celeste-arraras-se-despide-de-la-conduccion-de-al-rojo-vivo\/","title":{"rendered":"Mar\u00eda Celeste Arrar\u00e1s se despide de la conducci\u00f3n de \u00abAl Rojo Vivo\u00bb"},"content":{"rendered":"<p><strong><span style=\"color: #000000;\">Se\u00f1al\u00f3 a sus seguidores que \u00abayer fue mi \u00faltimo d\u00eda con Al Rojo Vivo y en la pantalla de Telemundo\u00bb.<\/span><\/strong><\/p>\n<p><span style=\"color: #000000;\"><strong>Lima, 06 Agosto, (ANDINA).-<\/strong> La presentadora Mar\u00eda Celeste Arrar\u00e1s dej\u00f3 la conducci\u00f3n de \u00abAl Rojo Vivo\u00bb, tras veinte a\u00f1os al frente del espacio.<\/span><\/p>\n<p><span style=\"color: #000000;\">Arrar\u00e1s, a trav\u00e9s de sus redes sociales, se\u00f1al\u00f3 a sus seguidores que fue \u00abayer fue mi \u00faltimo d\u00eda con Al Rojo Vivo y en la pantalla de Telemundo\u00bb.<\/span><\/p>\n<p><span style=\"color: #000000;\">\u00abEsta ma\u00f1ana fui informada por la empresa de que han decidido que el programa tome otro rumbo y que debido a ajustes por la pandemia ya no ser\u00e9 mas parte del show\u00bb, explic\u00f3 la presentadora.<\/span><\/p>\n<p><span style=\"color: #000000;\">Mar\u00eda Celeste record\u00f3 que Telemundo ha sido mi casa durante casi 20 a\u00f1os y \u00abestoy muy agradecida por la oportunidad que me brindaron de haber podido cubrir grandes eventos noticiosos y de servir a nuestra comunidad hispana por tantos a\u00f1os\u00bb.<\/span><\/p>\n<p><span style=\"color: #000000;\">La figura resalt\u00f3 que en los sets de la cadena \u00abdejo atr\u00e1s a muchos compa\u00f1eros queridos que siempre podr\u00e1n contar con todo mi apoyo. Ni mi pasi\u00f3n por el trabajo, ni mi carrera terminan aqu\u00ed. Por el contrario, mi compromiso con ustedes contin\u00faa tan fuerte como siempre\u00bb.<\/span><\/p>\n<p><img fetchpriority=\"high\" decoding=\"async\" class=\"aligncenter  wp-image-79334\" src=\"http:\/\/elinformanteperu.com\/wp-content\/uploads\/2020\/08\/Mar\u00eda-Celeste-Arrar\u00e1s1.jpg\" alt=\"\" width=\"469\" height=\"233\" srcset=\"https:\/\/elinformanteperu.com\/wp-content\/uploads\/2020\/08\/Mar\u00eda-Celeste-Arrar\u00e1s1.jpg 318w, https:\/\/elinformanteperu.com\/wp-content\/uploads\/2020\/08\/Mar\u00eda-Celeste-Arrar\u00e1s1-300x149.jpg 300w\" sizes=\"(max-width: 469px) 100vw, 469px\" \/><\/p>\n","protected":false},"excerpt":{"rendered":"<p>Se\u00f1al\u00f3 a sus seguidores que \u00abayer fue mi \u00faltimo d\u00eda con Al Rojo Vivo y en la pantalla de Telemundo\u00bb. Lima, 06 Agosto, (ANDINA).- La presentadora Mar\u00eda Celeste Arrar\u00e1s dej\u00f3 la conducci\u00f3n de \u00abAl Rojo Vivo\u00bb, tras veinte a\u00f1os al frente del espacio. Arrar\u00e1s, a trav\u00e9s de sus redes sociales, se\u00f1al\u00f3 a sus seguidores que [&hellip;]<\/p>\n","protected":false},"author":1,"featured_media":79333,"comment_status":"open","ping_status":"open","sticky":false,"template":"","format":"standard","meta":{"rop_custom_images_group":[],"rop_custom_messages_group":[],"rop_publish_now":"initial","rop_publish_now_accounts":[],"rop_publish_now_history":[],"rop_publish_now_status":"pending","footnotes":""},"categories":[70],"tags":[6037,2907],"class_list":["post-79332","post","type-post","status-publish","format-standard","has-post-thumbnail","hentry","category-farandula","tag-maria-celeste-arraras","tag-telemundo"],"_links":{"self":[{"href":"https:\/\/elinformanteperu.com\/index.php\/wp-json\/wp\/v2\/posts\/79332","targetHints":{"allow":["GET"]}}],"collection":[{"href":"https:\/\/elinformanteperu.com\/index.php\/wp-json\/wp\/v2\/posts"}],"about":[{"href":"https:\/\/elinformanteperu.com\/index.php\/wp-json\/wp\/v2\/types\/post"}],"author":[{"embeddable":true,"href":"https:\/\/elinformanteperu.com\/index.php\/wp-json\/wp\/v2\/users\/1"}],"replies":[{"embeddable":true,"href":"https:\/\/elinformanteperu.com\/index.php\/wp-json\/wp\/v2\/comments?post=79332"}],"version-history":[{"count":1,"href":"https:\/\/elinformanteperu.com\/index.php\/wp-json\/wp\/v2\/posts\/79332\/revisions"}],"predecessor-version":[{"id":79335,"href":"https:\/\/elinformanteperu.com\/index.php\/wp-json\/wp\/v2\/posts\/79332\/revisions\/79335"}],"wp:featuredmedia":[{"embeddable":true,"href":"https:\/\/elinformanteperu.com\/index.php\/wp-json\/wp\/v2\/media\/79333"}],"wp:attachment":[{"href":"https:\/\/elinformanteperu.com\/index.php\/wp-json\/wp\/v2\/media?parent=79332"}],"wp:term":[{"taxonomy":"category","embeddable":true,"href":"https:\/\/elinformanteperu.com\/index.php\/wp-json\/wp\/v2\/categories?post=79332"},{"taxonomy":"post_tag","embeddable":true,"href":"https:\/\/elinformanteperu.com\/index.php\/wp-json\/wp\/v2\/tags?post=79332"}],"curies":[{"name":"wp","href":"https:\/\/api.w.org\/{rel}","templated":true}]}}