{"id":7908,"date":"2017-04-06T23:13:32","date_gmt":"2017-04-07T04:13:32","guid":{"rendered":"http:\/\/elinformanteperu.com\/?p=7908"},"modified":"2017-04-07T01:34:50","modified_gmt":"2017-04-07T06:34:50","slug":"conoce-a-fan-peruana-a-la-que-justin-bieber-le-cumplio-sueno","status":"publish","type":"post","link":"https:\/\/elinformanteperu.com\/index.php\/2017\/04\/06\/conoce-a-fan-peruana-a-la-que-justin-bieber-le-cumplio-sueno\/","title":{"rendered":"Conoce a fan peruana a la que Justin Bieber le cumpli\u00f3 sue\u00f1o"},"content":{"rendered":"<p><strong>Una jovencita peruana comparti\u00f3 con el \u00eddolo \u00abpop\u00bb Justin Bieber detr\u00e1s del escenario durante la realizaci\u00f3n de su \u00fanico espect\u00e1culo, en Lima.<\/strong><\/p>\n<p><strong>Lima, 06 Abril 2017, (ANDINA).-<\/strong> Una jovencita peruana comparti\u00f3 con el \u00eddolo \u00abpop\u00bb Justin Bieber detr\u00e1s del escenario durante la realizaci\u00f3n de su \u00fanico espect\u00e1culo, en Lima.<\/p>\n<p>La afortunada pertenece a la asociaci\u00f3n Make a Wish, organizaci\u00f3n que cumple en todo el mundo deseos a ni\u00f1os y adolescentes con enfermedades que amenazan sus vidas, para enriquecerlos con esperanza, fortaleza y alegr\u00eda.<\/p>\n<p>As\u00ed, ella y el cantante entonaron juntos una de sus m\u00e1s populares canciones.<\/p>\n<p>En la cuenta oficial de Twitter del artista se pueden apreciar dos fotograf\u00edas de los momentos de dulzura que el \u00eddolo le brind\u00f3 a la jovencita.<\/p>\n<p><iframe src=\"https:\/\/www.youtube-nocookie.com\/embed\/atfWO6abWf8?rel=0&amp;controls=0&amp;showinfo=0\" width=\"560\" height=\"315\" frameborder=\"0\" allowfullscreen=\"allowfullscreen\"><\/iframe><\/p>\n<p><strong>\u00abFotos de Justin Bieber detr\u00e1s del escenario con una fan de Make-A-Wish despu\u00e9s de su espect\u00e1culo #PurposeTourStadiums en Lima, Per\u00fa, esta noche. (5 de abril)\u00bb, expresa el administrador de su red social.<\/strong><\/p>\n<p>Como es p\u00fablico, Bieber retumb\u00f3 Lima con su presentaci\u00f3n musical en el Estadio Nacional.<\/p>\n<p><iframe src=\"https:\/\/www.youtube-nocookie.com\/embed\/kffacxfA7G4?rel=0&amp;controls=0&amp;showinfo=0\" width=\"560\" height=\"315\" frameborder=\"0\" allowfullscreen=\"allowfullscreen\"><\/iframe><\/p>\n","protected":false},"excerpt":{"rendered":"<p>Una jovencita peruana comparti\u00f3 con el \u00eddolo \u00abpop\u00bb Justin Bieber detr\u00e1s del escenario durante la realizaci\u00f3n de su \u00fanico espect\u00e1culo, en Lima. Lima, 06 Abril 2017, (ANDINA).- Una jovencita peruana comparti\u00f3 con el \u00eddolo \u00abpop\u00bb Justin Bieber detr\u00e1s del escenario durante la realizaci\u00f3n de su \u00fanico espect\u00e1culo, en Lima. La afortunada pertenece a la asociaci\u00f3n [&hellip;]<\/p>\n","protected":false},"author":1,"featured_media":7909,"comment_status":"open","ping_status":"open","sticky":false,"template":"","format":"standard","meta":{"rop_custom_images_group":[],"rop_custom_messages_group":[],"rop_publish_now":"initial","rop_publish_now_accounts":[],"rop_publish_now_history":[],"rop_publish_now_status":"pending","footnotes":""},"categories":[69],"tags":[624],"class_list":["post-7908","post","type-post","status-publish","format-standard","has-post-thumbnail","hentry","category-musica","tag-justin-bieber"],"_links":{"self":[{"href":"https:\/\/elinformanteperu.com\/index.php\/wp-json\/wp\/v2\/posts\/7908","targetHints":{"allow":["GET"]}}],"collection":[{"href":"https:\/\/elinformanteperu.com\/index.php\/wp-json\/wp\/v2\/posts"}],"about":[{"href":"https:\/\/elinformanteperu.com\/index.php\/wp-json\/wp\/v2\/types\/post"}],"author":[{"embeddable":true,"href":"https:\/\/elinformanteperu.com\/index.php\/wp-json\/wp\/v2\/users\/1"}],"replies":[{"embeddable":true,"href":"https:\/\/elinformanteperu.com\/index.php\/wp-json\/wp\/v2\/comments?post=7908"}],"version-history":[{"count":2,"href":"https:\/\/elinformanteperu.com\/index.php\/wp-json\/wp\/v2\/posts\/7908\/revisions"}],"predecessor-version":[{"id":7980,"href":"https:\/\/elinformanteperu.com\/index.php\/wp-json\/wp\/v2\/posts\/7908\/revisions\/7980"}],"wp:featuredmedia":[{"embeddable":true,"href":"https:\/\/elinformanteperu.com\/index.php\/wp-json\/wp\/v2\/media\/7909"}],"wp:attachment":[{"href":"https:\/\/elinformanteperu.com\/index.php\/wp-json\/wp\/v2\/media?parent=7908"}],"wp:term":[{"taxonomy":"category","embeddable":true,"href":"https:\/\/elinformanteperu.com\/index.php\/wp-json\/wp\/v2\/categories?post=7908"},{"taxonomy":"post_tag","embeddable":true,"href":"https:\/\/elinformanteperu.com\/index.php\/wp-json\/wp\/v2\/tags?post=7908"}],"curies":[{"name":"wp","href":"https:\/\/api.w.org\/{rel}","templated":true}]}}