{"id":78864,"date":"2020-07-30T19:54:49","date_gmt":"2020-07-31T00:54:49","guid":{"rendered":"http:\/\/elinformanteperu.com\/?p=78864"},"modified":"2020-07-30T20:49:42","modified_gmt":"2020-07-31T01:49:42","slug":"xavi-hernandez-anuncia-que-se-ha-recuperado-del-coronavirus","status":"publish","type":"post","link":"https:\/\/elinformanteperu.com\/index.php\/2020\/07\/30\/xavi-hernandez-anuncia-que-se-ha-recuperado-del-coronavirus\/","title":{"rendered":"Xavi Hern\u00e1ndez anuncia que se ha recuperado del coronavirus"},"content":{"rendered":"<p><strong><span style=\"color: #000000;\">El exjugador del Barcelona y de la selecci\u00f3n espa\u00f1ola Xavi Hern\u00e1ndez anunci\u00f3 que se ha recuperado despu\u00e9s de haberse infectado del covid-19.<\/span><\/strong><\/p>\n<p><span style=\"color: #000000;\"><strong>Doha, 30 Julio 2020, (ANDINA).-<\/strong> El exjugador del Barcelona y de la selecci\u00f3n espa\u00f1ola Xavi Hern\u00e1ndez anunci\u00f3 este mi\u00e9rcoles que se ha recuperado despu\u00e9s de haberse infectado del covid-19 y que ha regresado a su puesto como entrenador del equipo catar\u00ed del Al-Sadd.<\/span><\/p>\n<p><span style=\"color: #000000;\">\u00abMuch\u00edsimas gracias por todos los mensajes y las muestras de cari\u00f1o que he recibido durante estos d\u00edas\u00bb, escribi\u00f3 el excentrocampista en la red social Instagram, junto a una foto en la que aparece con su hija.<\/span><\/p>\n<p><span style=\"color: #000000;\">\u00abQuiero compartir con vosotros que estoy recuperado y de vuelta en casa junto a mi familia y el equipo Al-Sadd\u00bb, precis\u00f3.<\/span><\/p>\n<p><span style=\"color: #000000;\">El pasado s\u00e1bado, Xavi, de 40 a\u00f1os, anunci\u00f3 que hab\u00eda dado positivo en un test de detecci\u00f3n al nuevo coronavirus.<\/span><\/p>\n<p><span style=\"color: #000000;\">Xavi no pudo estar presente en el partido que disput\u00f3 su equipo el pasado s\u00e1bado y que gan\u00f3 2-1 al Al-Khor.<\/span><\/p>\n<p><span style=\"color: #000000;\">Casi un cuatro por ciento de la poblaci\u00f3n de los 2,75 millones de personas de Catar ha tenido coronavirus, con 108.638 casos desde el inicio de la pandemia, por lo que el peque\u00f1o estado del Golfo tiene uno de los mayores porcentajes de infecci\u00f3n.<\/span><\/p>\n<p><img fetchpriority=\"high\" decoding=\"async\" class=\"aligncenter size-full wp-image-76606\" src=\"http:\/\/elinformanteperu.com\/wp-content\/uploads\/2020\/07\/Xavi-Hern\u00e1ndez.jpg\" alt=\"\" width=\"1800\" height=\"1199\" srcset=\"https:\/\/elinformanteperu.com\/wp-content\/uploads\/2020\/07\/Xavi-Hern\u00e1ndez.jpg 1800w, https:\/\/elinformanteperu.com\/wp-content\/uploads\/2020\/07\/Xavi-Hern\u00e1ndez-300x200.jpg 300w, https:\/\/elinformanteperu.com\/wp-content\/uploads\/2020\/07\/Xavi-Hern\u00e1ndez-1024x682.jpg 1024w, https:\/\/elinformanteperu.com\/wp-content\/uploads\/2020\/07\/Xavi-Hern\u00e1ndez-768x512.jpg 768w, https:\/\/elinformanteperu.com\/wp-content\/uploads\/2020\/07\/Xavi-Hern\u00e1ndez-1536x1023.jpg 1536w\" sizes=\"(max-width: 1800px) 100vw, 1800px\" \/><\/p>\n","protected":false},"excerpt":{"rendered":"<p>El exjugador del Barcelona y de la selecci\u00f3n espa\u00f1ola Xavi Hern\u00e1ndez anunci\u00f3 que se ha recuperado despu\u00e9s de haberse infectado del covid-19. Doha, 30 Julio 2020, (ANDINA).- El exjugador del Barcelona y de la selecci\u00f3n espa\u00f1ola Xavi Hern\u00e1ndez anunci\u00f3 este mi\u00e9rcoles que se ha recuperado despu\u00e9s de haberse infectado del covid-19 y que ha regresado [&hellip;]<\/p>\n","protected":false},"author":1,"featured_media":78865,"comment_status":"open","ping_status":"open","sticky":false,"template":"","format":"standard","meta":{"rop_custom_images_group":[],"rop_custom_messages_group":[],"rop_publish_now":"initial","rop_publish_now_accounts":[],"rop_publish_now_history":[],"rop_publish_now_status":"pending","footnotes":""},"categories":[8],"tags":[5918],"class_list":["post-78864","post","type-post","status-publish","format-standard","has-post-thumbnail","hentry","category-disciplinas-deportivas","tag-xavi-hernandez"],"_links":{"self":[{"href":"https:\/\/elinformanteperu.com\/index.php\/wp-json\/wp\/v2\/posts\/78864","targetHints":{"allow":["GET"]}}],"collection":[{"href":"https:\/\/elinformanteperu.com\/index.php\/wp-json\/wp\/v2\/posts"}],"about":[{"href":"https:\/\/elinformanteperu.com\/index.php\/wp-json\/wp\/v2\/types\/post"}],"author":[{"embeddable":true,"href":"https:\/\/elinformanteperu.com\/index.php\/wp-json\/wp\/v2\/users\/1"}],"replies":[{"embeddable":true,"href":"https:\/\/elinformanteperu.com\/index.php\/wp-json\/wp\/v2\/comments?post=78864"}],"version-history":[{"count":1,"href":"https:\/\/elinformanteperu.com\/index.php\/wp-json\/wp\/v2\/posts\/78864\/revisions"}],"predecessor-version":[{"id":78866,"href":"https:\/\/elinformanteperu.com\/index.php\/wp-json\/wp\/v2\/posts\/78864\/revisions\/78866"}],"wp:featuredmedia":[{"embeddable":true,"href":"https:\/\/elinformanteperu.com\/index.php\/wp-json\/wp\/v2\/media\/78865"}],"wp:attachment":[{"href":"https:\/\/elinformanteperu.com\/index.php\/wp-json\/wp\/v2\/media?parent=78864"}],"wp:term":[{"taxonomy":"category","embeddable":true,"href":"https:\/\/elinformanteperu.com\/index.php\/wp-json\/wp\/v2\/categories?post=78864"},{"taxonomy":"post_tag","embeddable":true,"href":"https:\/\/elinformanteperu.com\/index.php\/wp-json\/wp\/v2\/tags?post=78864"}],"curies":[{"name":"wp","href":"https:\/\/api.w.org\/{rel}","templated":true}]}}