{"id":78858,"date":"2020-07-30T19:39:48","date_gmt":"2020-07-31T00:39:48","guid":{"rendered":"http:\/\/elinformanteperu.com\/?p=78858"},"modified":"2020-07-30T19:39:48","modified_gmt":"2020-07-31T00:39:48","slug":"los-emmy-confirman-que-su-gala-de-2020-sera-virtual-por-el-coronavirus","status":"publish","type":"post","link":"https:\/\/elinformanteperu.com\/index.php\/2020\/07\/30\/los-emmy-confirman-que-su-gala-de-2020-sera-virtual-por-el-coronavirus\/","title":{"rendered":"Los Emmy confirman que su gala de 2020 ser\u00e1 virtual por el coronavirus"},"content":{"rendered":"<p><strong><span style=\"color: #000000;\">Los organizadores certificaron que la ceremonia del 20 de septiembre se celebrar\u00e1 de forma remota.<\/span><\/strong><\/p>\n<p><span style=\"color: #000000;\"><strong>Los \u00c1ngeles, 30 Julio 2020, (ANDINA).-<\/strong> Los Emmy confirmaron que, tal y como se esperaba, su gala de 2020 ser\u00e1 virtual debido a la crisis del coronavirus.<\/span><\/p>\n<p><span style=\"color: #000000;\">La revista Variety public\u00f3 una carta que los premios m\u00e1s importantes de la televisi\u00f3n han enviado a sus nominados y en la que los Emmy certificaron que la ceremonia del 20 de septiembre se celebrar\u00e1 de forma remota.<\/span><\/p>\n<p><span style=\"color: #000000;\">\u00abComo probablemente ya supon\u00edas, no vamos a pedirte que vengas al Microsoft Theatre en el centro de Los \u00c1ngeles (donde se celebraron los Emmy en los \u00faltimos a\u00f1os). Este a\u00f1o, ser\u00e1 igualmente la noche m\u00e1s grande de la industria televisiva, pero seremos nosotros quienes iremos a ti\u00bb, dice el escrito, que tiene la firma de los productores de la gala y del presentador Jimmy Kimmel.<\/span><\/p>\n<p><span style=\"color: #000000;\">Los m\u00e1ximos responsables de la ceremonia subrayaron que no ignoran el dif\u00edcil momento que est\u00e1 viviendo todo el mundo con la pandemia, pero resaltaron asimismo que intentar\u00e1n que la velada \u00abest\u00e9 llena de humanidad y afecto\u00bb y que \u00abcelebre el poder de la televisi\u00f3n para unirnos a todos\u00bb.<\/span><\/p>\n<p><span style=\"color: #000000;\">Por otro lado, los firmantes de la carta explicaron a los nominados que les van a contactar en los pr\u00f3ximos d\u00edas para decidir c\u00f3mo tomarles im\u00e1genes para esta gala virtual.<\/span><\/p>\n<p><span style=\"color: #000000;\">Los candidatos podr\u00e1n estar acompa\u00f1ados por quien quieran, ser\u00e1n grabados en su casa o el lugar que prefieran, y tambi\u00e9n tendr\u00e1n una mayor libertad a la hora de vestirse en comparaci\u00f3n con una gala tradicional con alfombra roja.<\/span><\/p>\n<p><span style=\"color: #000000;\">\u00abSi quieres vestir ropa formal, nos encantar\u00e1 eso, pero igualmente si est\u00e1s en el Reino Unido y son las tres de la ma\u00f1ana, quiz\u00e1 quieras llevar un pijama de dise\u00f1o y que te grabemos desde la cama\u00bb, dijeron.<\/span><\/p>\n<p><span style=\"color: #000000;\">\u00abQueremos trabajar contigo para darle estilo a tu momento, pero queremos que nos gu\u00edes en lo que te hace sentirte c\u00f3modo: d\u00f3nde quieres estar, con qui\u00e9n quieres estar, qu\u00e9 quieres vestir&#8230;\u00bb, enumeraron.<\/span><\/p>\n<p><strong><span style=\"color: #000000;\">Miradas puestas en el Emmy<\/span><\/strong><\/p>\n<p><span style=\"color: #000000;\">La confirmaci\u00f3n de que la 72 edici\u00f3n de los Emmy ser\u00e1 virtual llega un d\u00eda despu\u00e9s de que se dieran a conocer las nominaciones, que lider\u00f3 la serie limitada \u00abWatchmen\u00bb con 26 candidaturas.<\/span><\/p>\n<p><span style=\"color: #000000;\">\u00abThe Crown\u00bb, \u00abOzark\u00bb, \u00abStranger Things\u00bb, \u00abThe Handmaid&#8217;s Tale\u00bb, \u00abSuccession\u00bb, \u00abBetter Call Saul\u00bb, \u00abKilling Eve\u00bb y \u00abThe Mandalorian\u00bb se disputar\u00e1n el Emmy a la mejor serie dram\u00e1tica.<\/span><\/p>\n<p><span style=\"color: #000000;\">En el apartado de mejor serie de comedia se enfrentar\u00e1n \u00abDead To Me\u00bb, \u00abThe Kominsky Method\u00bb, \u00abThe Marvelous Mrs. Maisel\u00bb, \u00abThe Good Place\u00bb, \u00abInsecure\u00bb, \u00abCurb Your Enthusiasm\u00bb, \u00abSchitt&#8217;s Creek\u00bb y \u00abWhat We Do In The Shadows\u00bb.<\/span><\/p>\n<p><span style=\"color: #000000;\">Y \u00abWatchmen\u00bb ser\u00e1 el rival a batir por el galard\u00f3n a la mejor serie limitada, donde tambi\u00e9n fueron nominadas \u00abUnorthodox\u00bb, \u00abUnbelievable\u00bb, \u00abMrs. America\u00bb y \u00abLittle Fires Everywhere\u00bb.<\/span><\/p>\n<p><img fetchpriority=\"high\" decoding=\"async\" class=\"aligncenter size-full wp-image-13039\" src=\"http:\/\/elinformanteperu.com\/wp-content\/uploads\/2017\/07\/emmy-2017-1.jpg\" alt=\"\" width=\"1011\" height=\"569\" srcset=\"https:\/\/elinformanteperu.com\/wp-content\/uploads\/2017\/07\/emmy-2017-1.jpg 1011w, https:\/\/elinformanteperu.com\/wp-content\/uploads\/2017\/07\/emmy-2017-1-300x169.jpg 300w, https:\/\/elinformanteperu.com\/wp-content\/uploads\/2017\/07\/emmy-2017-1-768x432.jpg 768w, https:\/\/elinformanteperu.com\/wp-content\/uploads\/2017\/07\/emmy-2017-1-128x72.jpg 128w, https:\/\/elinformanteperu.com\/wp-content\/uploads\/2017\/07\/emmy-2017-1-32x18.jpg 32w, https:\/\/elinformanteperu.com\/wp-content\/uploads\/2017\/07\/emmy-2017-1-620x350.jpg 620w, https:\/\/elinformanteperu.com\/wp-content\/uploads\/2017\/07\/emmy-2017-1-935x526.jpg 935w\" sizes=\"(max-width: 1011px) 100vw, 1011px\" \/><\/p>\n","protected":false},"excerpt":{"rendered":"<p>Los organizadores certificaron que la ceremonia del 20 de septiembre se celebrar\u00e1 de forma remota. Los \u00c1ngeles, 30 Julio 2020, (ANDINA).- Los Emmy confirmaron que, tal y como se esperaba, su gala de 2020 ser\u00e1 virtual debido a la crisis del coronavirus. La revista Variety public\u00f3 una carta que los premios m\u00e1s importantes de la [&hellip;]<\/p>\n","protected":false},"author":1,"featured_media":78859,"comment_status":"open","ping_status":"open","sticky":false,"template":"","format":"standard","meta":{"rop_custom_images_group":[],"rop_custom_messages_group":[],"rop_publish_now":"initial","rop_publish_now_accounts":[],"rop_publish_now_history":[],"rop_publish_now_status":"pending","footnotes":""},"categories":[70],"tags":[5236,5364,5702,505],"class_list":["post-78858","post","type-post","status-publish","format-standard","has-post-thumbnail","hentry","category-farandula","tag-coronavirus","tag-covid-19","tag-emmy-2020","tag-jimmy-kimmel"],"_links":{"self":[{"href":"https:\/\/elinformanteperu.com\/index.php\/wp-json\/wp\/v2\/posts\/78858","targetHints":{"allow":["GET"]}}],"collection":[{"href":"https:\/\/elinformanteperu.com\/index.php\/wp-json\/wp\/v2\/posts"}],"about":[{"href":"https:\/\/elinformanteperu.com\/index.php\/wp-json\/wp\/v2\/types\/post"}],"author":[{"embeddable":true,"href":"https:\/\/elinformanteperu.com\/index.php\/wp-json\/wp\/v2\/users\/1"}],"replies":[{"embeddable":true,"href":"https:\/\/elinformanteperu.com\/index.php\/wp-json\/wp\/v2\/comments?post=78858"}],"version-history":[{"count":1,"href":"https:\/\/elinformanteperu.com\/index.php\/wp-json\/wp\/v2\/posts\/78858\/revisions"}],"predecessor-version":[{"id":78860,"href":"https:\/\/elinformanteperu.com\/index.php\/wp-json\/wp\/v2\/posts\/78858\/revisions\/78860"}],"wp:featuredmedia":[{"embeddable":true,"href":"https:\/\/elinformanteperu.com\/index.php\/wp-json\/wp\/v2\/media\/78859"}],"wp:attachment":[{"href":"https:\/\/elinformanteperu.com\/index.php\/wp-json\/wp\/v2\/media?parent=78858"}],"wp:term":[{"taxonomy":"category","embeddable":true,"href":"https:\/\/elinformanteperu.com\/index.php\/wp-json\/wp\/v2\/categories?post=78858"},{"taxonomy":"post_tag","embeddable":true,"href":"https:\/\/elinformanteperu.com\/index.php\/wp-json\/wp\/v2\/tags?post=78858"}],"curies":[{"name":"wp","href":"https:\/\/api.w.org\/{rel}","templated":true}]}}