{"id":78780,"date":"2020-07-29T19:04:47","date_gmt":"2020-07-30T00:04:47","guid":{"rendered":"http:\/\/elinformanteperu.com\/?p=78780"},"modified":"2020-07-29T19:04:47","modified_gmt":"2020-07-30T00:04:47","slug":"cineasta-peruano-eduardo-schuldt-dirigira-secuela-de-la-exitosa-condorito","status":"publish","type":"post","link":"https:\/\/elinformanteperu.com\/index.php\/2020\/07\/29\/cineasta-peruano-eduardo-schuldt-dirigira-secuela-de-la-exitosa-condorito\/","title":{"rendered":"Cineasta peruano Eduardo Schuldt dirigir\u00e1 secuela de la exitosa \u201cCondorito\u00bb"},"content":{"rendered":"<p><strong><span style=\"color: #000000;\">Schuldt espera superar el \u00e9xito de su antecesora, que se estren\u00f3 con \u00e9xito en el mercado cin\u00e9filo.<\/span><\/strong><\/p>\n<p><span style=\"color: #000000;\"><strong>Lima, 29 Julio 2020, (ANDINA).-<\/strong> El director nacional Eduardo Schuldt prepara la secuela de \u201cCondorito, la Pel\u00edcula, producci\u00f3n que se estren\u00f3 en el 2017 con gran \u00e9xito.<\/span><\/p>\n<p><span style=\"color: #000000;\">El filme se convirti\u00f3 en la cinta peruana de animaci\u00f3n m\u00e1s taquillera de la regi\u00f3n de la mano de 20th Century Fox.<\/span><\/p>\n<p><span style=\"color: #000000;\">Con esta segunda parte Schuldt espera superar el \u00e9xito de su antecesora, que se estren\u00f3 con \u00e9xito en el mercado cin\u00e9filo de pa\u00edses como Per\u00fa, Chile, Colombia y M\u00e9xico.<\/span><\/p>\n<p><span style=\"color: #000000;\">\u201cVolver a trabajar en la franquicia de c\u00f3mics latinoamericana m\u00e1s importante de todos los tiempos es un honor y una responsabilidad muy grande. Llevamos m\u00e1s de un a\u00f1o en conversaciones con World Editors, la empresa que posee los derechos del c\u00f3mic de Pepo, y en conjunto con ellos queremos traer un Condorito familiar m\u00e1s cl\u00e1sico. Queremos que el espectador viva las aventuras con Condorito y sus amigos en un ambiente conocido, que se transporte a Pelotillehue y reviva las aventuras que todos como ni\u00f1os vivimos cuando le\u00edamos la historieta\u201d, sostuvo Schuldt sobre esta esperada segunda parte.<\/span><\/p>\n<p><span style=\"color: #000000;\">Con fecha de lanzamiento a\u00fan por confirmar, Schuldt espera estrenar la pel\u00edcula al mismo estilo de las grandes producciones de Hollywood; y en el proceso lanzar\u00e1 videojuegos, aplicativos de realidad aumentada, paseos de realidad virtual y otros productos digitales con la imagen de esta conocida franquicia.<\/span><\/p>\n<p><span style=\"color: #000000;\">\u201cCuando surgi\u00f3 la idea supimos inmediatamente que quer\u00edamos un personaje m\u00e1s cercano al que conocemos, que todos crecimos amando y en situaciones m\u00e1s humanas. Con la confianza que tenemos en Eduardo y su equipo, y la experiencia de World Editors manejando la licencia, estamos seguros de que esta segunda parte igualar\u00e1 e incluso superar\u00e1 el gran \u00e9xito que tuvimos con la primera. Queremos que las familias latinoamericanas se encuentren con el Condorito que siempre han querido ver en la pantalla grande\u201d, indic\u00f3 Sebastian Ugarte de World Editors, que maneja la franquicia de Condorito desde hace m\u00e1s de doce a\u00f1os.<\/span><\/p>\n<p><iframe title=\"Condorito la pel\u00edcula | Primer trailer | Pr\u00f3ximamente - Solo en cines\" width=\"615\" height=\"346\" src=\"https:\/\/www.youtube.com\/embed\/qM99-971rfg?feature=oembed\" frameborder=\"0\" allow=\"accelerometer; autoplay; clipboard-write; encrypted-media; gyroscope; picture-in-picture; web-share\" referrerpolicy=\"strict-origin-when-cross-origin\" allowfullscreen><\/iframe><\/p>\n","protected":false},"excerpt":{"rendered":"<p>Schuldt espera superar el \u00e9xito de su antecesora, que se estren\u00f3 con \u00e9xito en el mercado cin\u00e9filo. Lima, 29 Julio 2020, (ANDINA).- El director nacional Eduardo Schuldt prepara la secuela de \u201cCondorito, la Pel\u00edcula, producci\u00f3n que se estren\u00f3 en el 2017 con gran \u00e9xito. El filme se convirti\u00f3 en la cinta peruana de animaci\u00f3n m\u00e1s [&hellip;]<\/p>\n","protected":false},"author":1,"featured_media":78781,"comment_status":"open","ping_status":"open","sticky":false,"template":"","format":"standard","meta":{"rop_custom_images_group":[],"rop_custom_messages_group":[],"rop_publish_now":"initial","rop_publish_now_accounts":[],"rop_publish_now_history":[],"rop_publish_now_status":"pending","footnotes":""},"categories":[7],"tags":[6020,4211],"class_list":["post-78780","post","type-post","status-publish","format-standard","has-post-thumbnail","hentry","category-butaca","tag-condorito","tag-eduardo-schuldt"],"_links":{"self":[{"href":"https:\/\/elinformanteperu.com\/index.php\/wp-json\/wp\/v2\/posts\/78780","targetHints":{"allow":["GET"]}}],"collection":[{"href":"https:\/\/elinformanteperu.com\/index.php\/wp-json\/wp\/v2\/posts"}],"about":[{"href":"https:\/\/elinformanteperu.com\/index.php\/wp-json\/wp\/v2\/types\/post"}],"author":[{"embeddable":true,"href":"https:\/\/elinformanteperu.com\/index.php\/wp-json\/wp\/v2\/users\/1"}],"replies":[{"embeddable":true,"href":"https:\/\/elinformanteperu.com\/index.php\/wp-json\/wp\/v2\/comments?post=78780"}],"version-history":[{"count":1,"href":"https:\/\/elinformanteperu.com\/index.php\/wp-json\/wp\/v2\/posts\/78780\/revisions"}],"predecessor-version":[{"id":78782,"href":"https:\/\/elinformanteperu.com\/index.php\/wp-json\/wp\/v2\/posts\/78780\/revisions\/78782"}],"wp:featuredmedia":[{"embeddable":true,"href":"https:\/\/elinformanteperu.com\/index.php\/wp-json\/wp\/v2\/media\/78781"}],"wp:attachment":[{"href":"https:\/\/elinformanteperu.com\/index.php\/wp-json\/wp\/v2\/media?parent=78780"}],"wp:term":[{"taxonomy":"category","embeddable":true,"href":"https:\/\/elinformanteperu.com\/index.php\/wp-json\/wp\/v2\/categories?post=78780"},{"taxonomy":"post_tag","embeddable":true,"href":"https:\/\/elinformanteperu.com\/index.php\/wp-json\/wp\/v2\/tags?post=78780"}],"curies":[{"name":"wp","href":"https:\/\/api.w.org\/{rel}","templated":true}]}}