{"id":78777,"date":"2020-07-29T11:25:57","date_gmt":"2020-07-29T16:25:57","guid":{"rendered":"http:\/\/elinformanteperu.com\/?p=78777"},"modified":"2020-07-29T11:25:57","modified_gmt":"2020-07-29T16:25:57","slug":"pacto-peru-objetivos-y-acuerdos-de-la-propuesta-formulada-por-el-presidente-vizcarra","status":"publish","type":"post","link":"https:\/\/elinformanteperu.com\/index.php\/2020\/07\/29\/pacto-peru-objetivos-y-acuerdos-de-la-propuesta-formulada-por-el-presidente-vizcarra\/","title":{"rendered":"Pacto Per\u00fa: objetivos y acuerdos de la propuesta formulada por el presidente Vizcarra"},"content":{"rendered":"<p><strong><span style=\"color: #000000;\">Durante su Mensaje a la Naci\u00f3n, el presidente Mart\u00edn Vizcarra convoc\u00f3 a las fuerzas pol\u00edticas a sumarse al denominado Pacto Per\u00fa.\u00a0<\/span><\/strong><\/p>\n<p><span style=\"color: #000000;\"><strong>Lima, 29 Julio 2020, (ANDINA).-<\/strong> Durante su Mensaje a la Naci\u00f3n por el 199\u00b0 aniversario de la independencia nacional, el presidente Mart\u00edn Vizcarra convoc\u00f3 a las fuerzas pol\u00edticas a sumarse al denominado Pacto Per\u00fa. \u00bfEn qu\u00e9 consiste esta propuesta?<\/span><\/p>\n<p><strong><span style=\"color: #000000;\">Objetivos<\/span><\/strong><\/p>\n<p><span style=\"color: #000000;\">La iniciativa tiene como objetivo generar un di\u00e1logo que vaya m\u00e1s all\u00e1 de la coyuntura de la crisis del covid-19.<\/span><\/p>\n<p><span style=\"color: #000000;\">De igual forma, apunta a sentar las bases de un Per\u00fa con consensos b\u00e1sicos, que permitan consolidar la democracia, encauzar el debate pol\u00edtico y que el pa\u00eds avance despu\u00e9s del Bicentenario, el cual se cumple el pr\u00f3ximo a\u00f1o.<\/span><\/p>\n<p><strong><span style=\"color: #000000;\">Acuerdos b\u00e1sicos<\/span><\/strong><\/p>\n<p><span style=\"color: #000000;\">El Pacto Per\u00fa tiene como meta cinco acuerdos b\u00e1sicos:<\/span><\/p>\n<p><span style=\"color: #000000;\">&#8211; Acuerdo para la construcci\u00f3n de un sistema unificado de salud que garantice la prestaci\u00f3n universal de este servicio para los peruanos de manera eficiente, transparente e igualitaria.<\/span><\/p>\n<p><span style=\"color: #000000;\">&#8211; Acuerdo para garantizar la calidad educativa, eliminando la brecha entre educaci\u00f3n urbana y rural con accesibilidad a educaci\u00f3n virtual en todos los niveles para la educaci\u00f3n p\u00fablica y privada, con una adecuada regulaci\u00f3n del Estado.<\/span><\/p>\n<p><span style=\"color: #000000;\">&#8211; Acuerdo para promover el crecimiento econ\u00f3mico sostenible y las inversiones, y proponer pol\u00edticas que mejoren la capacidad del Estado para detectar y desmantelar pr\u00e1cticas anticompetitivas.<\/span><\/p>\n<p><span style=\"color: #000000;\">&#8211; Acuerdo para la continuidad de la reforma pol\u00edtica y del sistema de administraci\u00f3n de justicia, fortalecimiento de la democracia y lucha contra la corrupci\u00f3n.<\/span><\/p>\n<p><span style=\"color: #000000;\">&#8211; Acuerdo para la lucha contra la pobreza y pobreza extrema, a fin de cerrar de una vez por todas las brechas sociales hist\u00f3ricas y avanzar en la construcci\u00f3n de un pa\u00eds m\u00e1s justo y equitativo.<\/span><\/p>\n<p><strong><span style=\"color: #000000;\">Expectativas<\/span><\/strong><\/p>\n<p><span style=\"color: #000000;\">En su Mensaje a la Naci\u00f3n, el presidente Vizcarra dijo que la agenda con estos cinco puntos es ambiciosa, pero expres\u00f3 su convicci\u00f3n de que vale la pena intentarlo.<\/span><\/p>\n<p><span style=\"color: #000000;\">\u00abEstoy dispuesto a generar el espacio para que los dirigentes pol\u00edticos logremos poner de lado la coyuntura, y seamos capaces de generar esos acuerdos m\u00ednimos de fortalecimiento de nuestra democracia\u00bb, subray\u00f3.<\/span><\/p>\n<p><span style=\"color: #000000;\">Seg\u00fan remarc\u00f3, el Pacto Per\u00fa debe ayudar a todos los peruanos a transitar este proceso de transici\u00f3n en paz, con acuerdos m\u00ednimos que den marco al debate necesario que se dar\u00e1 en la pr\u00f3xima campa\u00f1a electoral.<\/span><\/p>\n<p><span style=\"color: #000000;\">\u00abTenemos la oportunidad de demostrar a todos los peruanos que somos capaces de dejar de lado los intereses coyunturales en pos del bien com\u00fan. \u00a1Construyamos el Pacto Per\u00fa! \u00a1Demos ese paso juntos!\u00bb, afirm\u00f3.<\/span><\/p>\n","protected":false},"excerpt":{"rendered":"<p>Durante su Mensaje a la Naci\u00f3n, el presidente Mart\u00edn Vizcarra convoc\u00f3 a las fuerzas pol\u00edticas a sumarse al denominado Pacto Per\u00fa.\u00a0 Lima, 29 Julio 2020, (ANDINA).- Durante su Mensaje a la Naci\u00f3n por el 199\u00b0 aniversario de la independencia nacional, el presidente Mart\u00edn Vizcarra convoc\u00f3 a las fuerzas pol\u00edticas a sumarse al denominado Pacto Per\u00fa. [&hellip;]<\/p>\n","protected":false},"author":1,"featured_media":76663,"comment_status":"open","ping_status":"open","sticky":false,"template":"","format":"standard","meta":{"rop_custom_images_group":[],"rop_custom_messages_group":[],"rop_publish_now":"initial","rop_publish_now_accounts":[],"rop_publish_now_history":[],"rop_publish_now_status":"pending","footnotes":""},"categories":[5],"tags":[5236,5364,289,6019],"class_list":["post-78777","post","type-post","status-publish","format-standard","has-post-thumbnail","hentry","category-actualidad-informativa","tag-coronavirus","tag-covid-19","tag-martin-vizcarra","tag-pacto-peru"],"_links":{"self":[{"href":"https:\/\/elinformanteperu.com\/index.php\/wp-json\/wp\/v2\/posts\/78777","targetHints":{"allow":["GET"]}}],"collection":[{"href":"https:\/\/elinformanteperu.com\/index.php\/wp-json\/wp\/v2\/posts"}],"about":[{"href":"https:\/\/elinformanteperu.com\/index.php\/wp-json\/wp\/v2\/types\/post"}],"author":[{"embeddable":true,"href":"https:\/\/elinformanteperu.com\/index.php\/wp-json\/wp\/v2\/users\/1"}],"replies":[{"embeddable":true,"href":"https:\/\/elinformanteperu.com\/index.php\/wp-json\/wp\/v2\/comments?post=78777"}],"version-history":[{"count":1,"href":"https:\/\/elinformanteperu.com\/index.php\/wp-json\/wp\/v2\/posts\/78777\/revisions"}],"predecessor-version":[{"id":78778,"href":"https:\/\/elinformanteperu.com\/index.php\/wp-json\/wp\/v2\/posts\/78777\/revisions\/78778"}],"wp:featuredmedia":[{"embeddable":true,"href":"https:\/\/elinformanteperu.com\/index.php\/wp-json\/wp\/v2\/media\/76663"}],"wp:attachment":[{"href":"https:\/\/elinformanteperu.com\/index.php\/wp-json\/wp\/v2\/media?parent=78777"}],"wp:term":[{"taxonomy":"category","embeddable":true,"href":"https:\/\/elinformanteperu.com\/index.php\/wp-json\/wp\/v2\/categories?post=78777"},{"taxonomy":"post_tag","embeddable":true,"href":"https:\/\/elinformanteperu.com\/index.php\/wp-json\/wp\/v2\/tags?post=78777"}],"curies":[{"name":"wp","href":"https:\/\/api.w.org\/{rel}","templated":true}]}}