{"id":78765,"date":"2020-07-29T11:13:09","date_gmt":"2020-07-29T16:13:09","guid":{"rendered":"http:\/\/elinformanteperu.com\/?p=78765"},"modified":"2020-07-29T11:13:09","modified_gmt":"2020-07-29T16:13:09","slug":"san-marcos-farmacia-digemid-reabre-sus-puertas-para-atencion-al-publico","status":"publish","type":"post","link":"https:\/\/elinformanteperu.com\/index.php\/2020\/07\/29\/san-marcos-farmacia-digemid-reabre-sus-puertas-para-atencion-al-publico\/","title":{"rendered":"San Marcos: farmacia Digemid reabre sus puertas para atenci\u00f3n al p\u00fablico"},"content":{"rendered":"<p><strong><span style=\"color: #000000;\">Desde el 2019, la Universidad de San Marcos cuenta con una farmacia, en su sede de la ciudad universitaria.<\/span><\/strong><\/p>\n<p><span style=\"color: #000000;\"><strong>Lima, 29 Julio 2020, (ANDINA).-<\/strong> Desde el 2019, la Universidad Nacional Mayor de San Marcos (UNMSM) cuenta con una farmacia, en su sede de la ciudad universitaria, gracias a un convenio firmado con el Direcci\u00f3n General de Medicamentos, Insumos y Drogas (Digemid). Sin embargo, dicho establecimiento tuvo que cerrar a causa del aislamiento social y emergencia sanitaria ocasionada por la pandemia del covid-19.<\/span><\/p>\n<p><span style=\"color: #000000;\">Desde el lunes 27 de julio, despu\u00e9s de cuatro meses y medio, la Farmacia Digemid con sede en la UNMSM volvi\u00f3 a atender al p\u00fablico, brind\u00e1ndole como siempre los mejores servicios de preparaci\u00f3n, dispensaci\u00f3n y venta de productos medicinales.<\/span><\/p>\n<p><span style=\"color: #000000;\">En di\u00e1logo con RTV San Marcos, el director de la Cl\u00ednica Universitaria, doctor Miguel Benito Mas\u00edas, explic\u00f3 el protocolo que se tendr\u00e1 para la atenci\u00f3n, el cual consiste en el ingreso de las personas que deseen adquirir los medicamentos por la puerta N\u00ba 5, previa presentaci\u00f3n de la receta m\u00e9dica.<\/span><\/p>\n<p><span style=\"color: #000000;\">Asimismo, el director de la Cl\u00ednica Universitaria recalc\u00f3 que los medicamentos que se van a ofertar son de presentaci\u00f3n gen\u00e9rica de tal forma que sean m\u00e1s accesibles, econ\u00f3micamente, para el p\u00fablico. \u201cEstos productos est\u00e1n garantizados para el consumo por instituciones nacionales e internacionales como la OMS\u201d, resalt\u00f3.<\/span><\/p>\n<p><span style=\"color: #000000;\">Cabe destacar que el despacho de medicamentos ser\u00e1 de forma presencial, por lo que no habr\u00e1 servicio de delivery. Por otro lado, el horario de atenci\u00f3n, que fue establecido por el Ministerio de Salud (Minsa), se ha dispuesto de lunes a viernes desde las 08:30 a.m. hasta las 04:00 p.m.<\/span><\/p>\n<p><span style=\"color: #000000;\">El doctor Benito Mas\u00edas destac\u00f3 que esta farmacia es la primera del pa\u00eds y que al igual que la Cl\u00ednica Universitaria y el Centro de Salud Mental, recientemente implementado, San Marcos espera seguir orientando la atenci\u00f3n m\u00e9dica de la mayor cantidad de pacientes, en la comunidad universitaria.<\/span><\/p>\n","protected":false},"excerpt":{"rendered":"<p>Desde el 2019, la Universidad de San Marcos cuenta con una farmacia, en su sede de la ciudad universitaria. Lima, 29 Julio 2020, (ANDINA).- Desde el 2019, la Universidad Nacional Mayor de San Marcos (UNMSM) cuenta con una farmacia, en su sede de la ciudad universitaria, gracias a un convenio firmado con el Direcci\u00f3n General [&hellip;]<\/p>\n","protected":false},"author":1,"featured_media":78766,"comment_status":"open","ping_status":"open","sticky":false,"template":"","format":"standard","meta":{"rop_custom_images_group":[],"rop_custom_messages_group":[],"rop_publish_now":"initial","rop_publish_now_accounts":[],"rop_publish_now_history":[],"rop_publish_now_status":"pending","footnotes":""},"categories":[10],"tags":[1036,2407,2553],"class_list":["post-78765","post","type-post","status-publish","format-standard","has-post-thumbnail","hentry","category-actualidad-municipal","tag-digemid","tag-universidad-nacional-mayor-de-san-marcos","tag-unmsm"],"_links":{"self":[{"href":"https:\/\/elinformanteperu.com\/index.php\/wp-json\/wp\/v2\/posts\/78765","targetHints":{"allow":["GET"]}}],"collection":[{"href":"https:\/\/elinformanteperu.com\/index.php\/wp-json\/wp\/v2\/posts"}],"about":[{"href":"https:\/\/elinformanteperu.com\/index.php\/wp-json\/wp\/v2\/types\/post"}],"author":[{"embeddable":true,"href":"https:\/\/elinformanteperu.com\/index.php\/wp-json\/wp\/v2\/users\/1"}],"replies":[{"embeddable":true,"href":"https:\/\/elinformanteperu.com\/index.php\/wp-json\/wp\/v2\/comments?post=78765"}],"version-history":[{"count":1,"href":"https:\/\/elinformanteperu.com\/index.php\/wp-json\/wp\/v2\/posts\/78765\/revisions"}],"predecessor-version":[{"id":78767,"href":"https:\/\/elinformanteperu.com\/index.php\/wp-json\/wp\/v2\/posts\/78765\/revisions\/78767"}],"wp:featuredmedia":[{"embeddable":true,"href":"https:\/\/elinformanteperu.com\/index.php\/wp-json\/wp\/v2\/media\/78766"}],"wp:attachment":[{"href":"https:\/\/elinformanteperu.com\/index.php\/wp-json\/wp\/v2\/media?parent=78765"}],"wp:term":[{"taxonomy":"category","embeddable":true,"href":"https:\/\/elinformanteperu.com\/index.php\/wp-json\/wp\/v2\/categories?post=78765"},{"taxonomy":"post_tag","embeddable":true,"href":"https:\/\/elinformanteperu.com\/index.php\/wp-json\/wp\/v2\/tags?post=78765"}],"curies":[{"name":"wp","href":"https:\/\/api.w.org\/{rel}","templated":true}]}}