{"id":78762,"date":"2020-07-29T11:10:16","date_gmt":"2020-07-29T16:10:16","guid":{"rendered":"http:\/\/elinformanteperu.com\/?p=78762"},"modified":"2020-07-29T11:10:16","modified_gmt":"2020-07-29T16:10:16","slug":"miraflores-levantaran-obelisco-en-homenaje-a-medicos-caidos-en-lucha-contra-el-covid-19","status":"publish","type":"post","link":"https:\/\/elinformanteperu.com\/index.php\/2020\/07\/29\/miraflores-levantaran-obelisco-en-homenaje-a-medicos-caidos-en-lucha-contra-el-covid-19\/","title":{"rendered":"Miraflores: levantar\u00e1n obelisco en homenaje a m\u00e9dicos ca\u00eddos en lucha contra el covid-19"},"content":{"rendered":"<p><strong><span style=\"color: #000000;\">Decano del Colegio M\u00e9dico del Per\u00fa y alcalde de Miraflores colocaron la primera piedra<\/span><\/strong><\/p>\n<p><span style=\"color: #000000;\"><strong>Lima, 29 Julio 2020, (ANDINA).-<\/strong> Un hermoso obelisco en homenaje a los m\u00e9dicos h\u00e9roes que perdieron la vida luchando en primera l\u00ednea contra el covid-19 ser\u00e1 levantado en Miraflores, inform\u00f3 Miguel Palacios Celi, decano del Colegio M\u00e9dico del Per\u00fa (CMP).<\/span><\/p>\n<p><span style=\"color: #000000;\">Fue al colocar la primera piedra, junto al alcalde de Miraflores, Luis Molina, en el parque Domodossola, lugar donde se instalar\u00e1 el citado obelisco, frente a la sede institucional del CMP.<\/span><\/p>\n<p><span style=\"color: #000000;\">La estructura art\u00edstica tendr\u00e1 una altura de 3.20 metros y se prev\u00e9 inaugurarla a mediados de agosto entrante, indic\u00f3 Palacios, al tiempo de agradecer las facilidades brindadas por el alcalde Molina para realizar la obra en el citado parque.<\/span><\/p>\n<p><span style=\"color: #000000;\">Previamente ambas personalidades inauguraron en el parque Central de Miraflores la muestra gr\u00e1fica \u201cUn solo latir\u201d, del artista Giovanni Tazza, en la que destacan unos paneles y un hermoso coraz\u00f3n bicolor, en homenaje a los m\u00e9dicos h\u00e9roes que murieron en diferentes partes del territorio nacional.<\/span><\/p>\n<p><span style=\"color: #000000;\">Hasta el 28 de julio suman 98 m\u00e9dicos fallecidos y 2,700 infectados por el virus.<\/span><\/p>\n<p><span style=\"color: #000000;\">En el curso de los actos, Palacios Celi demand\u00f3 la necesidad de que el personal m\u00e9dico cuente con la protecci\u00f3n y el instrumental necesarios para seguir luchando contra el nuevo coronavirus.<\/span><\/p>\n<p><span style=\"color: #000000;\">Por su parte, Molina resalt\u00f3 el papel que cumplen los m\u00e9dicos salvando las vidas de los peruanos, lo que dio lugar tambi\u00e9n a que resulten infectados provoc\u00e1ndoles la muerte.<\/span><\/p>\n<p><span style=\"color: #000000;\">Recalc\u00f3 que en Miraflores la comuna prioriza la salud y el cumplimiento de las medidas de bioseguridad y el distanciamiento social.<\/span><\/p>\n<p><span style=\"color: #000000;\">Asimismo puso en relieve el sentido de ciudadan\u00eda del vecindario, que ha permitido pasar de ser uno de los distritos con mayor contagio en Lima y Callao a ser uno de los de menor riesgo.<\/span><\/p>\n<p><span style=\"color: #000000;\">La muestra \u201cUn solo latir\u201d estar\u00e1 a disposici\u00f3n del p\u00fablico hasta la primera semana de agosto. En el local del CMP hay una galer\u00eda con las fotos de los m\u00e9dicos h\u00e9roes.<\/span><\/p>\n","protected":false},"excerpt":{"rendered":"<p>Decano del Colegio M\u00e9dico del Per\u00fa y alcalde de Miraflores colocaron la primera piedra Lima, 29 Julio 2020, (ANDINA).- Un hermoso obelisco en homenaje a los m\u00e9dicos h\u00e9roes que perdieron la vida luchando en primera l\u00ednea contra el covid-19 ser\u00e1 levantado en Miraflores, inform\u00f3 Miguel Palacios Celi, decano del Colegio M\u00e9dico del Per\u00fa (CMP). Fue [&hellip;]<\/p>\n","protected":false},"author":1,"featured_media":78763,"comment_status":"open","ping_status":"open","sticky":false,"template":"","format":"standard","meta":{"rop_custom_images_group":[],"rop_custom_messages_group":[],"rop_publish_now":"initial","rop_publish_now_accounts":[],"rop_publish_now_history":[],"rop_publish_now_status":"pending","footnotes":""},"categories":[10],"tags":[1791,3803,3755,435],"class_list":["post-78762","post","type-post","status-publish","format-standard","has-post-thumbnail","hentry","category-actualidad-municipal","tag-colegio-medico-del-peru","tag-luis-molina-arles","tag-miraflores","tag-municipalidad-de-miraflores"],"_links":{"self":[{"href":"https:\/\/elinformanteperu.com\/index.php\/wp-json\/wp\/v2\/posts\/78762","targetHints":{"allow":["GET"]}}],"collection":[{"href":"https:\/\/elinformanteperu.com\/index.php\/wp-json\/wp\/v2\/posts"}],"about":[{"href":"https:\/\/elinformanteperu.com\/index.php\/wp-json\/wp\/v2\/types\/post"}],"author":[{"embeddable":true,"href":"https:\/\/elinformanteperu.com\/index.php\/wp-json\/wp\/v2\/users\/1"}],"replies":[{"embeddable":true,"href":"https:\/\/elinformanteperu.com\/index.php\/wp-json\/wp\/v2\/comments?post=78762"}],"version-history":[{"count":1,"href":"https:\/\/elinformanteperu.com\/index.php\/wp-json\/wp\/v2\/posts\/78762\/revisions"}],"predecessor-version":[{"id":78764,"href":"https:\/\/elinformanteperu.com\/index.php\/wp-json\/wp\/v2\/posts\/78762\/revisions\/78764"}],"wp:featuredmedia":[{"embeddable":true,"href":"https:\/\/elinformanteperu.com\/index.php\/wp-json\/wp\/v2\/media\/78763"}],"wp:attachment":[{"href":"https:\/\/elinformanteperu.com\/index.php\/wp-json\/wp\/v2\/media?parent=78762"}],"wp:term":[{"taxonomy":"category","embeddable":true,"href":"https:\/\/elinformanteperu.com\/index.php\/wp-json\/wp\/v2\/categories?post=78762"},{"taxonomy":"post_tag","embeddable":true,"href":"https:\/\/elinformanteperu.com\/index.php\/wp-json\/wp\/v2\/tags?post=78762"}],"curies":[{"name":"wp","href":"https:\/\/api.w.org\/{rel}","templated":true}]}}