{"id":78308,"date":"2020-07-24T00:52:36","date_gmt":"2020-07-24T05:52:36","guid":{"rendered":"http:\/\/elinformanteperu.com\/?p=78308"},"modified":"2020-07-24T00:52:36","modified_gmt":"2020-07-24T05:52:36","slug":"activan-protocolos-ante-caso-de-coronavirus-en-despacho-de-fiscal-domingo-perez","status":"publish","type":"post","link":"https:\/\/elinformanteperu.com\/index.php\/2020\/07\/24\/activan-protocolos-ante-caso-de-coronavirus-en-despacho-de-fiscal-domingo-perez\/","title":{"rendered":"Activan protocolos ante caso de coronavirus en despacho de fiscal Domingo P\u00e9rez"},"content":{"rendered":"<p><strong><span style=\"color: #000000;\">El Ministerio P\u00fablico activ\u00f3 el protocolo de bioseguridad ante el caso positivo a coronavirus detectado en el despacho del fiscal Jos\u00e9 Domingo P\u00e9rez.<\/span><\/strong><\/p>\n<p><span style=\"color: #000000;\"><strong>Lima, 23 Julio 2020, (ANDINA).-<\/strong> El Ministerio P\u00fablico activ\u00f3 el protocolo de bioseguridad ante el caso positivo a coronavirus detectado en el despacho del fiscal Jos\u00e9 Domingo P\u00e9rez, miembro del equipo especial Lava Jato.<\/span><\/p>\n<p><span style=\"color: #000000;\">Precis\u00f3 que se ha procedido a la desinfecci\u00f3n del \u00e1rea laboral comprometida, se realizaron las pruebas respectivas al personal y un m\u00e9dico monitorea la salud de la trabajadora diagnosticada con el virus.<\/span><\/p>\n<p><span style=\"color: #000000;\">Ayer el fiscal Domingo P\u00e9rez inform\u00f3 que una trabajadora de su despacho dio positivo a coronavirs y que otros cuatro servidores se encontraban en condici\u00f3n de sospechosos.<\/span><\/p>\n<p><span style=\"color: #000000;\">Refiri\u00f3 que ante esta situaci\u00f3n, se suspendi\u00f3 el trabajo presencial por siete d\u00edas en este despacho fiscal e indic\u00f3 que esperaba la disposici\u00f3n del Ministerio P\u00fablico para someterse a una prueba.<\/span><\/p>\n<p><span style=\"color: #000000;\">Coment\u00f3 que son 25 los trabajadores de este despacho que interactuaron con la trabajadora contagiada con el coronavirus.<\/span><\/p>\n","protected":false},"excerpt":{"rendered":"<p>El Ministerio P\u00fablico activ\u00f3 el protocolo de bioseguridad ante el caso positivo a coronavirus detectado en el despacho del fiscal Jos\u00e9 Domingo P\u00e9rez. Lima, 23 Julio 2020, (ANDINA).- El Ministerio P\u00fablico activ\u00f3 el protocolo de bioseguridad ante el caso positivo a coronavirus detectado en el despacho del fiscal Jos\u00e9 Domingo P\u00e9rez, miembro del equipo especial [&hellip;]<\/p>\n","protected":false},"author":1,"featured_media":78309,"comment_status":"open","ping_status":"open","sticky":false,"template":"","format":"standard","meta":{"rop_custom_images_group":[],"rop_custom_messages_group":[],"rop_publish_now":"initial","rop_publish_now_accounts":[],"rop_publish_now_history":[],"rop_publish_now_status":"pending","footnotes":""},"categories":[5],"tags":[5236,5364,430,2568,370],"class_list":["post-78308","post","type-post","status-publish","format-standard","has-post-thumbnail","hentry","category-actualidad-informativa","tag-coronavirus","tag-covid-19","tag-fiscalia","tag-jose-domingo-perez","tag-ministerio-publico"],"_links":{"self":[{"href":"https:\/\/elinformanteperu.com\/index.php\/wp-json\/wp\/v2\/posts\/78308","targetHints":{"allow":["GET"]}}],"collection":[{"href":"https:\/\/elinformanteperu.com\/index.php\/wp-json\/wp\/v2\/posts"}],"about":[{"href":"https:\/\/elinformanteperu.com\/index.php\/wp-json\/wp\/v2\/types\/post"}],"author":[{"embeddable":true,"href":"https:\/\/elinformanteperu.com\/index.php\/wp-json\/wp\/v2\/users\/1"}],"replies":[{"embeddable":true,"href":"https:\/\/elinformanteperu.com\/index.php\/wp-json\/wp\/v2\/comments?post=78308"}],"version-history":[{"count":1,"href":"https:\/\/elinformanteperu.com\/index.php\/wp-json\/wp\/v2\/posts\/78308\/revisions"}],"predecessor-version":[{"id":78310,"href":"https:\/\/elinformanteperu.com\/index.php\/wp-json\/wp\/v2\/posts\/78308\/revisions\/78310"}],"wp:featuredmedia":[{"embeddable":true,"href":"https:\/\/elinformanteperu.com\/index.php\/wp-json\/wp\/v2\/media\/78309"}],"wp:attachment":[{"href":"https:\/\/elinformanteperu.com\/index.php\/wp-json\/wp\/v2\/media?parent=78308"}],"wp:term":[{"taxonomy":"category","embeddable":true,"href":"https:\/\/elinformanteperu.com\/index.php\/wp-json\/wp\/v2\/categories?post=78308"},{"taxonomy":"post_tag","embeddable":true,"href":"https:\/\/elinformanteperu.com\/index.php\/wp-json\/wp\/v2\/tags?post=78308"}],"curies":[{"name":"wp","href":"https:\/\/api.w.org\/{rel}","templated":true}]}}