{"id":7826,"date":"2017-04-05T22:15:55","date_gmt":"2017-04-06T03:15:55","guid":{"rendered":"http:\/\/elinformanteperu.com\/?p=7826"},"modified":"2017-04-05T22:15:55","modified_gmt":"2017-04-06T03:15:55","slug":"chapecoense-vence-2-1-al-atletico-nacional-y-se-adelanta-en-recopa","status":"publish","type":"post","link":"https:\/\/elinformanteperu.com\/index.php\/2017\/04\/05\/chapecoense-vence-2-1-al-atletico-nacional-y-se-adelanta-en-recopa\/","title":{"rendered":"Chapecoense vence 2-1 al Atl\u00e9tico Nacional y se adelanta en Recopa"},"content":{"rendered":"<p><strong>El Chapecoense venci\u00f3 2-1 al Atl\u00e9tico Nacional en la ida de la Recopa Sudamericana celebrada en esta localidad del sur de Brasil.<\/strong><\/p>\n<p><strong>Chapec\u00f3, 04 Abril 2017, (ANDINA).-<\/strong> El Chapecoense venci\u00f3 2-1 al Atl\u00e9tico Nacional en la ida de la Recopa Sudamericana celebrada en esta localidad del sur de Brasil, volcada en agradecer al club colombiano su ayuda hace cuatro meses cuando perdi\u00f3 a gran parte de su equipo en un accidente a\u00e9reo en el que murieron 71 personas.<\/p>\n<p>Tras una jornada llena de homenajes en la que el f\u00fatbol hab\u00eda quedado en segundo plano, el Arena Cond\u00e1 explot\u00f3 de alegr\u00eda cuando Reinaldo adelant\u00f3 a los locales de penal en el minuto 23. La competici\u00f3n cada vez m\u00e1s fuerte por un t\u00edtulo in\u00e9dito para ambos clubes no impidi\u00f3, sin embargo, que la afici\u00f3n del &#8216;Chape&#8217; aplaudiera en pleno el golazo con el que MacNelly Torres puso el empate en el 58.<\/p>\n<p>La sorpresa llegar\u00eda poco despu\u00e9s de que el juego se interrumpiera unos segundos en el minuto 71 para homenajear a las 71 v\u00edctimas mortales del accidente, gracias al gol de Luiz Ot\u00e1vio, que puso de cabeza el 2-1 definitivo.<\/p>\n<p>Con esta victoria, el Chapecoense parte con ventaja para la vuelta de la Recopa, que se decidir\u00e1 el 10 de mayo en Medell\u00edn.<\/p>\n<p>Equipo revelaci\u00f3n de la pasada temporada, el humilde equipo brasile\u00f1o se dirig\u00eda a disputar la ida de la final de la Copa Sudamericana contra el Atl\u00e9tico Nacional el pasado 28 de noviembre cuando su avi\u00f3n se estrell\u00f3 en las monta\u00f1as de Medell\u00edn.<\/p>\n<p>Pese a que la decisi\u00f3n nunca pudo disputarse, los colombianos -campeones ya de la Copa Libertadores-2016-, solicitaron inmediatamente a la Conmebol que el Chapecoense fuera declarado vencedor del trofeo.<\/p>\n<p><iframe src=\"https:\/\/www.youtube-nocookie.com\/embed\/XTvcPrlPdaQ?rel=0&amp;controls=0&amp;showinfo=0\" width=\"560\" height=\"315\" frameborder=\"0\" allowfullscreen=\"allowfullscreen\"><\/iframe><\/p>\n","protected":false},"excerpt":{"rendered":"<p>El Chapecoense venci\u00f3 2-1 al Atl\u00e9tico Nacional en la ida de la Recopa Sudamericana celebrada en esta localidad del sur de Brasil. Chapec\u00f3, 04 Abril 2017, (ANDINA).- El Chapecoense venci\u00f3 2-1 al Atl\u00e9tico Nacional en la ida de la Recopa Sudamericana celebrada en esta localidad del sur de Brasil, volcada en agradecer al club colombiano [&hellip;]<\/p>\n","protected":false},"author":1,"featured_media":7827,"comment_status":"open","ping_status":"open","sticky":false,"template":"","format":"standard","meta":{"rop_custom_images_group":[],"rop_custom_messages_group":[],"rop_publish_now":"initial","rop_publish_now_accounts":[],"rop_publish_now_history":[],"rop_publish_now_status":"pending","footnotes":""},"categories":[8],"tags":[471,385,1304],"class_list":["post-7826","post","type-post","status-publish","format-standard","has-post-thumbnail","hentry","category-disciplinas-deportivas","tag-atletico-nacional","tag-chapecoense","tag-recopa-sudamericana"],"_links":{"self":[{"href":"https:\/\/elinformanteperu.com\/index.php\/wp-json\/wp\/v2\/posts\/7826","targetHints":{"allow":["GET"]}}],"collection":[{"href":"https:\/\/elinformanteperu.com\/index.php\/wp-json\/wp\/v2\/posts"}],"about":[{"href":"https:\/\/elinformanteperu.com\/index.php\/wp-json\/wp\/v2\/types\/post"}],"author":[{"embeddable":true,"href":"https:\/\/elinformanteperu.com\/index.php\/wp-json\/wp\/v2\/users\/1"}],"replies":[{"embeddable":true,"href":"https:\/\/elinformanteperu.com\/index.php\/wp-json\/wp\/v2\/comments?post=7826"}],"version-history":[{"count":1,"href":"https:\/\/elinformanteperu.com\/index.php\/wp-json\/wp\/v2\/posts\/7826\/revisions"}],"predecessor-version":[{"id":7828,"href":"https:\/\/elinformanteperu.com\/index.php\/wp-json\/wp\/v2\/posts\/7826\/revisions\/7828"}],"wp:featuredmedia":[{"embeddable":true,"href":"https:\/\/elinformanteperu.com\/index.php\/wp-json\/wp\/v2\/media\/7827"}],"wp:attachment":[{"href":"https:\/\/elinformanteperu.com\/index.php\/wp-json\/wp\/v2\/media?parent=7826"}],"wp:term":[{"taxonomy":"category","embeddable":true,"href":"https:\/\/elinformanteperu.com\/index.php\/wp-json\/wp\/v2\/categories?post=7826"},{"taxonomy":"post_tag","embeddable":true,"href":"https:\/\/elinformanteperu.com\/index.php\/wp-json\/wp\/v2\/tags?post=7826"}],"curies":[{"name":"wp","href":"https:\/\/api.w.org\/{rel}","templated":true}]}}