{"id":78236,"date":"2020-07-23T23:31:45","date_gmt":"2020-07-24T04:31:45","guid":{"rendered":"http:\/\/elinformanteperu.com\/?p=78236"},"modified":"2020-07-23T23:31:45","modified_gmt":"2020-07-24T04:31:45","slug":"huancayo-hospital-daniel-alcides-carrion-atendera-solo-a-pacientes-covid-19","status":"publish","type":"post","link":"https:\/\/elinformanteperu.com\/index.php\/2020\/07\/23\/huancayo-hospital-daniel-alcides-carrion-atendera-solo-a-pacientes-covid-19\/","title":{"rendered":"Huancayo: hospital Daniel Alcides Carri\u00f3n atender\u00e1 solo a pacientes covid-19"},"content":{"rendered":"<p><strong><span style=\"color: #000000;\">Personas con otras dolencias ser\u00e1n derivadas al hospital Domingo Olavegoya de Jauja o al IREN Centro<\/span><\/strong><\/p>\n<p><span style=\"color: #000000;\"><strong>Huancayo, 23 Julio 2020, (ANDINA).-<\/strong> El hospital regional docente cl\u00ednico-quir\u00fargico Daniel Alcides Carri\u00f3n de Huancayo vari\u00f3 su denominaci\u00f3n a Hospital Covid-19 de la regi\u00f3n Jun\u00edn, de acuerdo con una resoluci\u00f3n de la Direcci\u00f3n Regional de Salud (Diresa) que busca atender la demanda creciente de pacientes con coronavirus.<\/span><\/p>\n<p><span style=\"color: #000000;\">El nosocomio en menci\u00f3n contar\u00e1 con el apoyo y contingencia del Hospital Domingo Olavegoya de Jauja y el Instituto Regional de Enfermedades Neopl\u00e1sicas IREN Centro, inform\u00f3 el gobernador regional de Jun\u00edn, Fernando Orihuela Rojas.<\/span><\/p>\n<p><span style=\"color: #000000;\">Esta variaci\u00f3n responde al estado de emergencia sanitaria y tiene el prop\u00f3sito de contar con mayor cantidad de camas y respiradores mec\u00e1nicos para pacientes covid-19, adem\u00e1s de fortalecer la atenci\u00f3n en triaje de emergencia, hospitalizaci\u00f3n y Unidad de Cuidados Intensivos (UCI).<\/span><\/p>\n<p><strong><span style=\"color: #000000;\">Hospitalizaci\u00f3n temporal<\/span><\/strong><\/p>\n<p><span style=\"color: #000000;\">\u201cAl momento, estamos sobrepasando las 200 camas de hospitalizaci\u00f3n \u2013dijo el gobernador\u2013; en el sexto piso del hospital Carri\u00f3n, las 53 camas ya est\u00e1n ocupadas por pacientes covid-19 y en el quinto piso tambi\u00e9n; en el cuarto piso hay 25 pacientes m\u00e1s; y en la antigua \u00e1rea de triaje, otros 30\u201d.<\/span><\/p>\n<p><span style=\"color: #000000;\">El gobierno regional proyecta la implementaci\u00f3n de \u00e1reas de internamiento temporal con material prefabricado, \u201cporque diariamente hay una demanda de 15 a 20 pacientes que necesitan hospitalizaci\u00f3n para recibir oxigenoterapia\u201d. Orihuela dijo tambi\u00e9n que cada d\u00eda salen de alta solo 5 o 6 personas.<\/span><\/p>\n<p><strong><span style=\"color: #000000;\">Otras dolencias<\/span><\/strong><\/p>\n<p><span style=\"color: #000000;\">Respecto a la atenci\u00f3n de pacientes con otras dolencias, la autoridad regional dijo que son trasladados al hospital Domingo Olavegoya de Jauja y al Instituto Regional de Enfermedades Neopl\u00e1sicas IREN Centro.<\/span><\/p>\n<p><span style=\"color: #000000;\">Los pacientes de prioridad Tipo I que arriben al hospital Carri\u00f3n pasar\u00e1n por una prueba r\u00e1pida o molecular para covid-19. Si el resultado es negativo, ser\u00e1n referidos \u2013con ambulancia del nosocomio\u2013 a los establecimientos de contingencia, previa coordinaci\u00f3n a trav\u00e9s del sistema Refcom.<\/span><\/p>\n<p><span style=\"color: #000000;\">En el caso de pacientes de prioridad Tipo II, ser\u00e1n referidos directamente de los establecimientos del primer nivel de atenci\u00f3n al hospital de Jauja o al IREN Centro, previo tamizaje de pruebas r\u00e1pidas, diagn\u00f3stico definitivo, ex\u00e1menes complementarios y teleconsulta.<\/span><\/p>\n","protected":false},"excerpt":{"rendered":"<p>Personas con otras dolencias ser\u00e1n derivadas al hospital Domingo Olavegoya de Jauja o al IREN Centro Huancayo, 23 Julio 2020, (ANDINA).- El hospital regional docente cl\u00ednico-quir\u00fargico Daniel Alcides Carri\u00f3n de Huancayo vari\u00f3 su denominaci\u00f3n a Hospital Covid-19 de la regi\u00f3n Jun\u00edn, de acuerdo con una resoluci\u00f3n de la Direcci\u00f3n Regional de Salud (Diresa) que busca [&hellip;]<\/p>\n","protected":false},"author":1,"featured_media":78237,"comment_status":"open","ping_status":"open","sticky":false,"template":"","format":"standard","meta":{"rop_custom_images_group":[],"rop_custom_messages_group":[],"rop_publish_now":"initial","rop_publish_now_accounts":[],"rop_publish_now_history":[],"rop_publish_now_status":"pending","footnotes":""},"categories":[10],"tags":[5236,5364,3325],"class_list":["post-78236","post","type-post","status-publish","format-standard","has-post-thumbnail","hentry","category-actualidad-municipal","tag-coronavirus","tag-covid-19","tag-huancayo"],"_links":{"self":[{"href":"https:\/\/elinformanteperu.com\/index.php\/wp-json\/wp\/v2\/posts\/78236","targetHints":{"allow":["GET"]}}],"collection":[{"href":"https:\/\/elinformanteperu.com\/index.php\/wp-json\/wp\/v2\/posts"}],"about":[{"href":"https:\/\/elinformanteperu.com\/index.php\/wp-json\/wp\/v2\/types\/post"}],"author":[{"embeddable":true,"href":"https:\/\/elinformanteperu.com\/index.php\/wp-json\/wp\/v2\/users\/1"}],"replies":[{"embeddable":true,"href":"https:\/\/elinformanteperu.com\/index.php\/wp-json\/wp\/v2\/comments?post=78236"}],"version-history":[{"count":1,"href":"https:\/\/elinformanteperu.com\/index.php\/wp-json\/wp\/v2\/posts\/78236\/revisions"}],"predecessor-version":[{"id":78238,"href":"https:\/\/elinformanteperu.com\/index.php\/wp-json\/wp\/v2\/posts\/78236\/revisions\/78238"}],"wp:featuredmedia":[{"embeddable":true,"href":"https:\/\/elinformanteperu.com\/index.php\/wp-json\/wp\/v2\/media\/78237"}],"wp:attachment":[{"href":"https:\/\/elinformanteperu.com\/index.php\/wp-json\/wp\/v2\/media?parent=78236"}],"wp:term":[{"taxonomy":"category","embeddable":true,"href":"https:\/\/elinformanteperu.com\/index.php\/wp-json\/wp\/v2\/categories?post=78236"},{"taxonomy":"post_tag","embeddable":true,"href":"https:\/\/elinformanteperu.com\/index.php\/wp-json\/wp\/v2\/tags?post=78236"}],"curies":[{"name":"wp","href":"https:\/\/api.w.org\/{rel}","templated":true}]}}