{"id":78233,"date":"2020-07-23T23:29:15","date_gmt":"2020-07-24T04:29:15","guid":{"rendered":"http:\/\/elinformanteperu.com\/?p=78233"},"modified":"2020-07-23T23:29:15","modified_gmt":"2020-07-24T04:29:15","slug":"recrudece-pandemia-en-arequipa-se-eleva-el-indice-de-contagios-de-coronavirus","status":"publish","type":"post","link":"https:\/\/elinformanteperu.com\/index.php\/2020\/07\/23\/recrudece-pandemia-en-arequipa-se-eleva-el-indice-de-contagios-de-coronavirus\/","title":{"rendered":"Recrudece pandemia en Arequipa: se eleva el \u00edndice de contagios de coronavirus"},"content":{"rendered":"<p><strong><span style=\"color: #000000;\">Cada paciente puede infectar a m\u00e1s de dos personas, seg\u00fan estudio de investigadores de la U. Cat\u00f3lica San Pablo<\/span><\/strong><\/p>\n<p><span style=\"color: #000000;\"><strong>Arequipa, 23 Julio 2020, (ANDINA).-<\/strong> El \u00edndice de contagios del nuevo coronavirus (covid-19) en la regi\u00f3n Arequipa se increment\u00f3 a 2.27, es decir, cada paciente con el virus puede infectar a m\u00e1s de dos personas, seg\u00fan un nuevo c\u00e1lculo del factor RO del modelo epidemiol\u00f3gico SIR.<\/span><\/p>\n<p><span style=\"color: #000000;\">Este an\u00e1lisis fue hecho por investigadores del Departamento de Ciencia de la Computaci\u00f3n de la Universidad Cat\u00f3lica San Pablo (UCSP), usando los datos registrados por Gerencia Regional de Salud (Geresa) hasta el 19 de julio.<\/span><\/p>\n<p><span style=\"color: #000000;\">Daniel Guti\u00e9rrez Pachas, uno de los investigadores que efectu\u00f3 el an\u00e1lisis de datos, se\u00f1al\u00f3 que este resultado hace evidente el recrudecimiento de la pandemia en la regi\u00f3n Arequipa, dado que hasta fines de junio, cuando realizaron el primer estudioso el RO era de 1.97.<\/span><\/p>\n<p><span style=\"color: #000000;\">En julio, el valor RO regional empez\u00f3 en 2.21 y alcanz\u00f3 su pico el 17 de julio, cuando lleg\u00f3 a 2.59, el valor m\u00e1s alto durante la pandemia; esto tiene una relaci\u00f3n directa con el aumento de pruebas realizadas en la regi\u00f3n. El d\u00eda en que el RO estuvo m\u00e1s alto se hicieron 7,970 pruebas y se incluso se registr\u00f3 la mayor cantidad de casos nuevos: 1,796.<\/span><\/p>\n<p><span style=\"color: #000000;\">El doctor en Ciencia de la Computaci\u00f3n y Matem\u00e1tica Computacional refiri\u00f3 que hacer m\u00e1s pruebas por d\u00eda es crucial para definir una respuesta efectiva frente a la pandemia y permitir tener cifras consistentes y reales.<\/span><\/p>\n<p><span style=\"color: #000000;\">\u00abAl detectar oportunamente los contagiados por covid-19 evitamos saturar m\u00e1s nuestro ya colapsado sistema de salud. Si bien las cifras pueden generar alarma por tener m\u00e1s de 1,500 casos nuevos durante varios d\u00edas, esto corresponde tambi\u00e9n a las fechas en que la cantidad de pruebas fue mayor\u201d, se\u00f1al\u00f3.<\/span><\/p>\n<p><strong><span style=\"color: #000000;\">El factor RO<\/span><\/strong><\/p>\n<p><span style=\"color: #000000;\">El factor RO es el cociente entre la tasa de transmisi\u00f3n y la tasa de recuperaci\u00f3n; entonces para disminuir el RO es necesario reducir la tasa de trasmisi\u00f3n, lo que se lograr\u00e1 con el aislamiento social y aumentar la tasa de recuperados al potenciar nuestro sistema de salud. En Arequipa ambas son fluctuantes.<\/span><\/p>\n<p><span style=\"color: #000000;\">En el c\u00e1lculo del factor RO (n\u00famero reproductivo b\u00e1sico) se usa el modelo epidemiol\u00f3gico SIR: cantidad de individuos susceptibles (S), infectados (I) y removidos (R). Esta \u00faltima variable se obtiene de sumar los recuperados y fallecidos.<\/span><\/p>\n<p><span style=\"color: #000000;\">Respecto a la evoluci\u00f3n de la enfermedad en la regi\u00f3n Arequipa, Guti\u00e9rrez dijo que los casos activos siguen subiendo. Los activos son los casos reales en atenci\u00f3n, pues de los casos acumulados se resta la cantidad de recuperados y fallecidos. A la fecha alcanzan los 17,984, seg\u00fan el \u00faltimo reporte de la Geresa del 20 de julio.<\/span><\/p>\n<p><span style=\"color: #000000;\">El informe del sector Salud se\u00f1ala tambi\u00e9n que el n\u00famero de recuperados se mantiene al alza. Hasta la misma fecha de julio suman 15,615 las personas que han superado el covid-19 en la regi\u00f3n Arequipa.<\/span><\/p>\n<p><strong><span style=\"color: #000000;\">Curvas<\/span><\/strong><\/p>\n<p><span style=\"color: #000000;\">Guti\u00e9rrez refiri\u00f3 que en este proceso se busca que las curvas de activos y recuperados se encuentren, y, una vez que suceda, el n\u00famero de recuperados supere al de contagiados. Es decir, que existan m\u00e1s sanos que enfermos en la regi\u00f3n; cuando lleguemos a ese punto se podr\u00e1 vislumbrar una mejora y la posibilidad de llegar a la meseta en el \u00e1mbito regional.<\/span><\/p>\n<p><span style=\"color: #000000;\">El especialista insisti\u00f3 en que el an\u00e1lisis de datos es importante, porque permite tomar decisiones con conocimiento, realizar estimaciones y establecer medidas para potenciar el sistema de salud, clave para incrementar la cantidad de recuperados y disminuir la cantidad de fallecidos.<\/span><\/p>\n<p><span style=\"color: #000000;\">Los interesados en conocer m\u00e1s sobre el estudio y el estado actual de la pandemia pueden ingresar aqu\u00ed.<\/span><\/p>\n<p><strong><span style=\"color: #000000;\">Un enemigo invisible y letal<\/span><\/strong><\/p>\n<p><span style=\"color: #000000;\">Los coronavirus son una gran familia de virus que causan enfermedades que van desde el resfriado com\u00fan hasta enfermedades m\u00e1s graves como el s\u00edndrome respiratorio de Oriente Medio (MERS) o el s\u00edndrome respiratorio agudo severo (SRAS). Pueden transmitirse entre animales y personas.<\/span><\/p>\n<p><span style=\"color: #000000;\">El nuevo coronavirus (covid-19) es una cepa no identificada previamente en humanos, que se propaga de persona a persona, mediante gotitas o part\u00edculas acuosas que se quedan en el ambiente al toser o estornudar. Tambi\u00e9n podr\u00edas contagiarte si mantienes contacto f\u00edsico con una persona infectada.<\/span><\/p>\n<p><span style=\"color: #000000;\">Seg\u00fan la Sala Situacional Covid-19 Per\u00fa, del Ministerio de Salud, hasta las 00:00 horas del 23 de julio, a escala nacional hab\u00eda 371,096 casos confirmados de coronavirus y 17,654 fallecidos; la tasa de letalidad es de 4.76 %.<\/span><\/p>\n","protected":false},"excerpt":{"rendered":"<p>Cada paciente puede infectar a m\u00e1s de dos personas, seg\u00fan estudio de investigadores de la U. Cat\u00f3lica San Pablo Arequipa, 23 Julio 2020, (ANDINA).- El \u00edndice de contagios del nuevo coronavirus (covid-19) en la regi\u00f3n Arequipa se increment\u00f3 a 2.27, es decir, cada paciente con el virus puede infectar a m\u00e1s de dos personas, seg\u00fan [&hellip;]<\/p>\n","protected":false},"author":1,"featured_media":78234,"comment_status":"open","ping_status":"open","sticky":false,"template":"","format":"standard","meta":{"rop_custom_images_group":[],"rop_custom_messages_group":[],"rop_publish_now":"initial","rop_publish_now_accounts":[],"rop_publish_now_history":[],"rop_publish_now_status":"pending","footnotes":""},"categories":[10],"tags":[769,5236,5364],"class_list":["post-78233","post","type-post","status-publish","format-standard","has-post-thumbnail","hentry","category-actualidad-municipal","tag-arequipa","tag-coronavirus","tag-covid-19"],"_links":{"self":[{"href":"https:\/\/elinformanteperu.com\/index.php\/wp-json\/wp\/v2\/posts\/78233","targetHints":{"allow":["GET"]}}],"collection":[{"href":"https:\/\/elinformanteperu.com\/index.php\/wp-json\/wp\/v2\/posts"}],"about":[{"href":"https:\/\/elinformanteperu.com\/index.php\/wp-json\/wp\/v2\/types\/post"}],"author":[{"embeddable":true,"href":"https:\/\/elinformanteperu.com\/index.php\/wp-json\/wp\/v2\/users\/1"}],"replies":[{"embeddable":true,"href":"https:\/\/elinformanteperu.com\/index.php\/wp-json\/wp\/v2\/comments?post=78233"}],"version-history":[{"count":1,"href":"https:\/\/elinformanteperu.com\/index.php\/wp-json\/wp\/v2\/posts\/78233\/revisions"}],"predecessor-version":[{"id":78235,"href":"https:\/\/elinformanteperu.com\/index.php\/wp-json\/wp\/v2\/posts\/78233\/revisions\/78235"}],"wp:featuredmedia":[{"embeddable":true,"href":"https:\/\/elinformanteperu.com\/index.php\/wp-json\/wp\/v2\/media\/78234"}],"wp:attachment":[{"href":"https:\/\/elinformanteperu.com\/index.php\/wp-json\/wp\/v2\/media?parent=78233"}],"wp:term":[{"taxonomy":"category","embeddable":true,"href":"https:\/\/elinformanteperu.com\/index.php\/wp-json\/wp\/v2\/categories?post=78233"},{"taxonomy":"post_tag","embeddable":true,"href":"https:\/\/elinformanteperu.com\/index.php\/wp-json\/wp\/v2\/tags?post=78233"}],"curies":[{"name":"wp","href":"https:\/\/api.w.org\/{rel}","templated":true}]}}