{"id":78230,"date":"2020-07-23T21:34:35","date_gmt":"2020-07-24T02:34:35","guid":{"rendered":"http:\/\/elinformanteperu.com\/?p=78230"},"modified":"2020-07-23T21:34:35","modified_gmt":"2020-07-24T02:34:35","slug":"torneo-apertura-asi-se-jugara-la-jornada-que-marca-la-vuelta-del-futbol-profesional","status":"publish","type":"post","link":"https:\/\/elinformanteperu.com\/index.php\/2020\/07\/23\/torneo-apertura-asi-se-jugara-la-jornada-que-marca-la-vuelta-del-futbol-profesional\/","title":{"rendered":"Torneo Apertura: as\u00ed se jugar\u00e1 la jornada que marca la vuelta del f\u00fatbol profesional"},"content":{"rendered":"<p><strong><span style=\"color: #000000;\">El viernes 7 de agosto marcar\u00e1 la vuelta del Torneo Apertura de la Liga 1.<\/span><\/strong><\/p>\n<p><span style=\"color: #000000;\"><strong>Lima, 23 Julio 2020, (ANDINA).-<\/strong> Qued\u00f3 definido que el viernes 7 de agosto marcar\u00e1 la vuelta del Torneo Apertura de la Liga 1 y ya se definieron los horarios de los partidos que se jugar\u00e1 de manera \u00edntegra en Lima. Universitario se encargar\u00e1 de abrir la jornada y el partido m\u00e1s fuerte ser\u00e1 el que disputar\u00e1n Alianza Lima ante el Binacional.<\/span><\/p>\n<p><span style=\"color: #000000;\">El campeonato de f\u00fatbol regresa con la s\u00e9tima fecha y ya se dieron a conocer los horarios de los partidos, aunque podr\u00eda haber alg\u00fan cambio de \u00faltimo momento.<\/span><\/p>\n<p><strong><span style=\"color: #000000;\">Programaci\u00f3n de la s\u00e9tima jornada<\/span><\/strong><\/p>\n<p><strong><span style=\"color: #000000;\">Viernes 7 de agosto<\/span><\/strong><br \/>\n<span style=\"color: #000000;\">Estadio Nacional<\/span><br \/>\n<span style=\"color: #000000;\"><strong>18:00 horas:<\/strong> Cantolao-Universitario<\/span><\/p>\n<p><strong><span style=\"color: #000000;\">S\u00e1bado 8 de agosto<\/span><\/strong><br \/>\n<span style=\"color: #000000;\">Estadio Alberto Gallardo<\/span><br \/>\n<span style=\"color: #000000;\"><strong>11:00 horas:<\/strong> Carlos Stein-Cusco FC<\/span><\/p>\n<p><span style=\"color: #000000;\">Estadio Alejandro Villanueva<\/span><br \/>\n<span style=\"color: #000000;\"><strong>13:15 horas:<\/strong> San Mart\u00edn-Municipal<\/span><\/p>\n<p><span style=\"color: #000000;\">Estadio Alberto Gallardo<\/span><br \/>\n<span style=\"color: #000000;\"><strong>15:30 horas:<\/strong> Alianza Universidad-Carlos A. Mannucci<\/span><\/p>\n<p><span style=\"color: #000000;\">Estadio Alejandro Villanueva<\/span><br \/>\n<span style=\"color: #000000;\"><strong>17:45 horas:<\/strong> Sport Boys-Sporting Cristal<\/span><\/p>\n<p><strong><span style=\"color: #000000;\">Domingo 9 de agosto<\/span><\/strong><br \/>\n<span style=\"color: #000000;\">Estadio Miguel Grau<\/span><br \/>\n<span style=\"color: #000000;\"><strong>11:00 horas:<\/strong> Sport Huancayo-UTC<\/span><\/p>\n<p><span style=\"color: #000000;\">Estadio Nacional<\/span><br \/>\n<span style=\"color: #000000;\"><strong>13:15 horas:<\/strong> Cienciano-Atl\u00e9tico Grau<\/span><\/p>\n<p><span style=\"color: #000000;\">Estadio Miguel Grau<\/span><br \/>\n<span style=\"color: #000000;\"><strong>15:30 horas:<\/strong> C\u00e9sar Vallejo-Melgar<\/span><\/p>\n<p><span style=\"color: #000000;\">Estadio Nacional<\/span><br \/>\n<span style=\"color: #000000;\"><strong>17:45 horas:<\/strong> Alianza Lima-Binacional<\/span><\/p>\n<p><strong><span style=\"color: #000000;\">Lunes 10 de agosto<\/span><\/strong><br \/>\n<span style=\"color: #000000;\">Estadio Videna<\/span><br \/>\n<span style=\"color: #000000;\"><strong>13:15 horas:<\/strong> Llacuabamba-Ayacucho FC.<\/span><\/p>\n<blockquote class=\"twitter-tweet\">\n<p dir=\"ltr\" lang=\"es\">\u00a1Falta menos para que ruede el bal\u00f3n! \u26bd<\/p>\n<p>Conoce los detalles sobre el regreso de la <a href=\"https:\/\/twitter.com\/hashtag\/Liga1Movistar?src=hash&amp;ref_src=twsrc%5Etfw\">#Liga1Movistar<\/a>. \ud83d\udd25<a href=\"https:\/\/twitter.com\/hashtag\/JuntosPorElF%C3%BAtbol?src=hash&amp;ref_src=twsrc%5Etfw\">#JuntosPorElF\u00fatbol<\/a> <a href=\"https:\/\/t.co\/4btCFXXwP2\">pic.twitter.com\/4btCFXXwP2<\/a><\/p>\n<p>\u2014 Liga De F\u00fatbol Profesional (@LigaFutProf) <a href=\"https:\/\/twitter.com\/LigaFutProf\/status\/1280886354331738112?ref_src=twsrc%5Etfw\">July 8, 2020<\/a><\/p><\/blockquote>\n<p><script async src=\"https:\/\/platform.twitter.com\/widgets.js\" charset=\"utf-8\"><\/script><\/p>\n","protected":false},"excerpt":{"rendered":"<p>El viernes 7 de agosto marcar\u00e1 la vuelta del Torneo Apertura de la Liga 1. Lima, 23 Julio 2020, (ANDINA).- Qued\u00f3 definido que el viernes 7 de agosto marcar\u00e1 la vuelta del Torneo Apertura de la Liga 1 y ya se definieron los horarios de los partidos que se jugar\u00e1 de manera \u00edntegra en Lima. [&hellip;]<\/p>\n","protected":false},"author":1,"featured_media":78231,"comment_status":"open","ping_status":"open","sticky":false,"template":"","format":"standard","meta":{"rop_custom_images_group":[],"rop_custom_messages_group":[],"rop_publish_now":"initial","rop_publish_now_accounts":[],"rop_publish_now_history":[],"rop_publish_now_status":"pending","footnotes":""},"categories":[8],"tags":[5260,4021],"class_list":["post-78230","post","type-post","status-publish","format-standard","has-post-thumbnail","hentry","category-disciplinas-deportivas","tag-apertura-2020","tag-liga-1"],"_links":{"self":[{"href":"https:\/\/elinformanteperu.com\/index.php\/wp-json\/wp\/v2\/posts\/78230","targetHints":{"allow":["GET"]}}],"collection":[{"href":"https:\/\/elinformanteperu.com\/index.php\/wp-json\/wp\/v2\/posts"}],"about":[{"href":"https:\/\/elinformanteperu.com\/index.php\/wp-json\/wp\/v2\/types\/post"}],"author":[{"embeddable":true,"href":"https:\/\/elinformanteperu.com\/index.php\/wp-json\/wp\/v2\/users\/1"}],"replies":[{"embeddable":true,"href":"https:\/\/elinformanteperu.com\/index.php\/wp-json\/wp\/v2\/comments?post=78230"}],"version-history":[{"count":1,"href":"https:\/\/elinformanteperu.com\/index.php\/wp-json\/wp\/v2\/posts\/78230\/revisions"}],"predecessor-version":[{"id":78232,"href":"https:\/\/elinformanteperu.com\/index.php\/wp-json\/wp\/v2\/posts\/78230\/revisions\/78232"}],"wp:featuredmedia":[{"embeddable":true,"href":"https:\/\/elinformanteperu.com\/index.php\/wp-json\/wp\/v2\/media\/78231"}],"wp:attachment":[{"href":"https:\/\/elinformanteperu.com\/index.php\/wp-json\/wp\/v2\/media?parent=78230"}],"wp:term":[{"taxonomy":"category","embeddable":true,"href":"https:\/\/elinformanteperu.com\/index.php\/wp-json\/wp\/v2\/categories?post=78230"},{"taxonomy":"post_tag","embeddable":true,"href":"https:\/\/elinformanteperu.com\/index.php\/wp-json\/wp\/v2\/tags?post=78230"}],"curies":[{"name":"wp","href":"https:\/\/api.w.org\/{rel}","templated":true}]}}