{"id":78224,"date":"2020-07-23T21:26:18","date_gmt":"2020-07-24T02:26:18","guid":{"rendered":"http:\/\/elinformanteperu.com\/?p=78224"},"modified":"2020-07-23T21:26:18","modified_gmt":"2020-07-24T02:26:18","slug":"mike-tyson-regresa-al-boxeo-tras-15-anos-para-un-especial-televisado","status":"publish","type":"post","link":"https:\/\/elinformanteperu.com\/index.php\/2020\/07\/23\/mike-tyson-regresa-al-boxeo-tras-15-anos-para-un-especial-televisado\/","title":{"rendered":"Mike Tyson regresa al boxeo tras 15 a\u00f1os para un especial televisado"},"content":{"rendered":"<p><strong><span style=\"color: #000000;\">Tyson volver\u00e1 al ring de boxeo despu\u00e9s de pasar 15 a\u00f1os retirado.<\/span><\/strong><\/p>\n<p><span style=\"color: #000000;\"><strong>Lima, 23 Julio 2020, (ANDINA).-<\/strong> Mike Tyson volver\u00e1 al ring de boxeo despu\u00e9s de pasar 15 a\u00f1os retirado para competir contra Roy Jones Jr., en un evento especial de que se retransmitir\u00e1 desde California (EE.UU.) el 12 de septiembre.<\/span><\/p>\n<p><span style=\"color: #000000;\">El regreso de Tyson, de 54 a\u00f1os, se llevaba rumoreando varios meses y finalmente podr\u00e1 seguirse por una emisi\u00f3n especial de pago en diferentes plataformas que ir\u00e1 acompa\u00f1ada de una serie documental en la aplicaci\u00f3n Triller y que constar\u00e1 de diez episodios sobre las preparaciones del encuentro.<\/span><\/p>\n<p><span style=\"color: #000000;\">Ser\u00e1 un combate de ocho asaltos, explic\u00f3 en un comunicado en el que no se dieron detalles del precio que habr\u00e1 que pagar por ver el encuentro ni la disponibilidad fuera de Estados Unidos.<\/span><\/p>\n<p><span style=\"color: #000000;\">Tyson, quien fue campe\u00f3n mundial m\u00e1s joven en la categor\u00eda de pesos pesados en 1986, ha anticipado que volver\u00eda a subir al ring durante las \u00faltimas semanas, en las que ha vuelto a entrenar y a ponerse en forma.<\/span><\/p>\n<p><span style=\"color: #000000;\">\u00abEl hecho de que tengamos 54 a\u00f1os no significa que tengamos que comenzar una nueva carrera y que nuestras vidas hayan terminado por completo. No cuando te sientes tan bien como yo y estoy seguro de que otras personas sienten lo mismo\u00bb, dijo Tyson en una entrevista con la cadena de deportes ESPN.<\/span><\/p>\n<p><span style=\"color: #000000;\">\u00abDespu\u00e9s de la \u00faltima pelea que tuve, me fui y viv\u00ed mi vida, y he pasado por algunas experiencias, y ahora estoy de vuelta aqu\u00ed. Siento que cuid\u00e9 mejor mi cuerpo y mi estado mental que la mayor\u00eda de los luchadores que se retiraron y regresaron antes que yo\u00bb, explic\u00f3.<\/span><\/p>\n<p><span style=\"color: #000000;\">Su competidor, Jones, tiene 51 a\u00f1os y tambi\u00e9n estaba retirado del boxeo, pero asegur\u00f3 que recib\u00eda llamadas para volver a luchar contra Tyson.<\/span><\/p>\n<p><span style=\"color: #000000;\">\u00abHe estado tratando de disfrutar la jubilaci\u00f3n, pero la gente no parece querer que me jubile\u00bb, brome\u00f3.<\/span><\/p>\n<p><span style=\"color: #000000;\">La retransmisi\u00f3n en directo, llamada \u00abFrontline Battle\u00bb, ser\u00e1 de tres horas y adem\u00e1s de la pelea principal, incluir\u00e1 otros combates y actuaciones musicales.<\/span><\/p>\n<blockquote class=\"twitter-tweet\">\n<p dir=\"ltr\" lang=\"es\">\ud83e\udd4a | CONFIRMADO: Luego de 15 a\u00f1os de inactividad, Mike Tyson volver\u00e1 a pelear a sus 54 a\u00f1os, tras pactar una exhibici\u00f3n contra Roy Jones Jr., la fecha confirmada es el 12 de septiembre. <a href=\"https:\/\/t.co\/HeuiB4vnhf\">pic.twitter.com\/HeuiB4vnhf<\/a><\/p>\n<p>\u2014 Visi\u00f3n Internacional \ud83d\udc41\ud83c\udf10 (@InternacionalVS) <a href=\"https:\/\/twitter.com\/InternacionalVS\/status\/1286398732561522690?ref_src=twsrc%5Etfw\">July 23, 2020<\/a><\/p><\/blockquote>\n<p><script async src=\"https:\/\/platform.twitter.com\/widgets.js\" charset=\"utf-8\"><\/script><\/p>\n","protected":false},"excerpt":{"rendered":"<p>Tyson volver\u00e1 al ring de boxeo despu\u00e9s de pasar 15 a\u00f1os retirado. Lima, 23 Julio 2020, (ANDINA).- Mike Tyson volver\u00e1 al ring de boxeo despu\u00e9s de pasar 15 a\u00f1os retirado para competir contra Roy Jones Jr., en un evento especial de que se retransmitir\u00e1 desde California (EE.UU.) el 12 de septiembre. El regreso de Tyson, [&hellip;]<\/p>\n","protected":false},"author":1,"featured_media":78225,"comment_status":"open","ping_status":"open","sticky":false,"template":"","format":"standard","meta":{"rop_custom_images_group":[],"rop_custom_messages_group":[],"rop_publish_now":"initial","rop_publish_now_accounts":[],"rop_publish_now_history":[],"rop_publish_now_status":"pending","footnotes":""},"categories":[8],"tags":[5664],"class_list":["post-78224","post","type-post","status-publish","format-standard","has-post-thumbnail","hentry","category-disciplinas-deportivas","tag-mike-tyson"],"_links":{"self":[{"href":"https:\/\/elinformanteperu.com\/index.php\/wp-json\/wp\/v2\/posts\/78224","targetHints":{"allow":["GET"]}}],"collection":[{"href":"https:\/\/elinformanteperu.com\/index.php\/wp-json\/wp\/v2\/posts"}],"about":[{"href":"https:\/\/elinformanteperu.com\/index.php\/wp-json\/wp\/v2\/types\/post"}],"author":[{"embeddable":true,"href":"https:\/\/elinformanteperu.com\/index.php\/wp-json\/wp\/v2\/users\/1"}],"replies":[{"embeddable":true,"href":"https:\/\/elinformanteperu.com\/index.php\/wp-json\/wp\/v2\/comments?post=78224"}],"version-history":[{"count":1,"href":"https:\/\/elinformanteperu.com\/index.php\/wp-json\/wp\/v2\/posts\/78224\/revisions"}],"predecessor-version":[{"id":78226,"href":"https:\/\/elinformanteperu.com\/index.php\/wp-json\/wp\/v2\/posts\/78224\/revisions\/78226"}],"wp:featuredmedia":[{"embeddable":true,"href":"https:\/\/elinformanteperu.com\/index.php\/wp-json\/wp\/v2\/media\/78225"}],"wp:attachment":[{"href":"https:\/\/elinformanteperu.com\/index.php\/wp-json\/wp\/v2\/media?parent=78224"}],"wp:term":[{"taxonomy":"category","embeddable":true,"href":"https:\/\/elinformanteperu.com\/index.php\/wp-json\/wp\/v2\/categories?post=78224"},{"taxonomy":"post_tag","embeddable":true,"href":"https:\/\/elinformanteperu.com\/index.php\/wp-json\/wp\/v2\/tags?post=78224"}],"curies":[{"name":"wp","href":"https:\/\/api.w.org\/{rel}","templated":true}]}}