{"id":7817,"date":"2017-04-05T20:51:56","date_gmt":"2017-04-06T01:51:56","guid":{"rendered":"http:\/\/elinformanteperu.com\/?p=7817"},"modified":"2017-04-05T20:51:56","modified_gmt":"2017-04-06T01:51:56","slug":"senor-barriga-desmiente-sufra-de-alzheimer","status":"publish","type":"post","link":"https:\/\/elinformanteperu.com\/index.php\/2017\/04\/05\/senor-barriga-desmiente-sufra-de-alzheimer\/","title":{"rendered":"\u00abSe\u00f1or Barriga\u00bb desmiente sufra de Alzheimer"},"content":{"rendered":"<p><strong>El querido actor Edgar Vivar desminti\u00f3 que sufra de Alzheimer como se afirm\u00f3 horas atr\u00e1s. El artista se pronunci\u00f3 muy mortificado.<\/strong><\/p>\n<p><strong>Lima, 05 Abril 2017, (ANDINA).<\/strong>&#8211; El querido actor Edgar Vivar desminti\u00f3 que sufra de Alzheimer como se afirm\u00f3 horas atr\u00e1s. El artista se pronunci\u00f3 muy mortificado y asegur\u00f3 que tal noticia \u00abno tiene sustento alguno\u00bb.<\/p>\n<p>As\u00ed en su red oficial de Facebook, Vivar se\u00f1al\u00f3 que \u00abpor <strong>\u00daNICA Y DEFINITIVA OCASI\u00d3N<\/strong>, a trav\u00e9s de este medio manifiesto ustedes que lo publicado referente a mi salud no tiene sustento alguno y seguramente fue elaborado a partir de alg\u00fan comentario escuchado durante una conversaci\u00f3n PRIVADA y totalmente fuera de contexto\u00bb.<\/p>\n<p>\u00abNo es de extra\u00f1ar que otra vez sea mi persona objeto de noticias de este tipo, ya que en el pasado reciente se han difundido \u00abperlas\u00bb informativas describiendo con lujo de detalle mi muerte en mas de una ocasi\u00f3n\u00bb.<\/p>\n<p>\u00abAhora mi supuesto Alzheimer terminal sirve para nuevamente elevar el inter\u00e9s malsano de quien lo publica con la ineludible preocupaci\u00f3n de mis seres queridos <strong>QUE SON TODOS USTEDES<\/strong>. No hay motivo de alarma.<\/p>\n<p>Hay Edgar Vivar para rato, mientras Dios disponga. De lo dem\u00e1s no me acuerdo ????????\u00bb, concluy\u00f3.<\/p>\n<p><img fetchpriority=\"high\" decoding=\"async\" class=\"size-large wp-image-7819 aligncenter\" src=\"http:\/\/elinformanteperu.com\/wp-content\/uploads\/2017\/04\/Se\u00f1or-Barriga1-1024x583.jpg\" alt=\"\" width=\"615\" height=\"350\" srcset=\"https:\/\/elinformanteperu.com\/wp-content\/uploads\/2017\/04\/Se\u00f1or-Barriga1-1024x583.jpg 1024w, https:\/\/elinformanteperu.com\/wp-content\/uploads\/2017\/04\/Se\u00f1or-Barriga1-300x171.jpg 300w, https:\/\/elinformanteperu.com\/wp-content\/uploads\/2017\/04\/Se\u00f1or-Barriga1-768x437.jpg 768w, https:\/\/elinformanteperu.com\/wp-content\/uploads\/2017\/04\/Se\u00f1or-Barriga1-128x73.jpg 128w, https:\/\/elinformanteperu.com\/wp-content\/uploads\/2017\/04\/Se\u00f1or-Barriga1-32x18.jpg 32w, https:\/\/elinformanteperu.com\/wp-content\/uploads\/2017\/04\/Se\u00f1or-Barriga1.jpg 1800w\" sizes=\"(max-width: 615px) 100vw, 615px\" \/><\/p>\n","protected":false},"excerpt":{"rendered":"<p>El querido actor Edgar Vivar desminti\u00f3 que sufra de Alzheimer como se afirm\u00f3 horas atr\u00e1s. El artista se pronunci\u00f3 muy mortificado. Lima, 05 Abril 2017, (ANDINA).&#8211; El querido actor Edgar Vivar desminti\u00f3 que sufra de Alzheimer como se afirm\u00f3 horas atr\u00e1s. El artista se pronunci\u00f3 muy mortificado y asegur\u00f3 que tal noticia \u00abno tiene sustento [&hellip;]<\/p>\n","protected":false},"author":1,"featured_media":7818,"comment_status":"open","ping_status":"open","sticky":false,"template":"","format":"standard","meta":{"rop_custom_images_group":[],"rop_custom_messages_group":[],"rop_publish_now":"initial","rop_publish_now_accounts":[],"rop_publish_now_history":[],"rop_publish_now_status":"pending","footnotes":""},"categories":[70],"tags":[662],"class_list":["post-7817","post","type-post","status-publish","format-standard","has-post-thumbnail","hentry","category-farandula","tag-edgar-vivar"],"_links":{"self":[{"href":"https:\/\/elinformanteperu.com\/index.php\/wp-json\/wp\/v2\/posts\/7817","targetHints":{"allow":["GET"]}}],"collection":[{"href":"https:\/\/elinformanteperu.com\/index.php\/wp-json\/wp\/v2\/posts"}],"about":[{"href":"https:\/\/elinformanteperu.com\/index.php\/wp-json\/wp\/v2\/types\/post"}],"author":[{"embeddable":true,"href":"https:\/\/elinformanteperu.com\/index.php\/wp-json\/wp\/v2\/users\/1"}],"replies":[{"embeddable":true,"href":"https:\/\/elinformanteperu.com\/index.php\/wp-json\/wp\/v2\/comments?post=7817"}],"version-history":[{"count":1,"href":"https:\/\/elinformanteperu.com\/index.php\/wp-json\/wp\/v2\/posts\/7817\/revisions"}],"predecessor-version":[{"id":7820,"href":"https:\/\/elinformanteperu.com\/index.php\/wp-json\/wp\/v2\/posts\/7817\/revisions\/7820"}],"wp:featuredmedia":[{"embeddable":true,"href":"https:\/\/elinformanteperu.com\/index.php\/wp-json\/wp\/v2\/media\/7818"}],"wp:attachment":[{"href":"https:\/\/elinformanteperu.com\/index.php\/wp-json\/wp\/v2\/media?parent=7817"}],"wp:term":[{"taxonomy":"category","embeddable":true,"href":"https:\/\/elinformanteperu.com\/index.php\/wp-json\/wp\/v2\/categories?post=7817"},{"taxonomy":"post_tag","embeddable":true,"href":"https:\/\/elinformanteperu.com\/index.php\/wp-json\/wp\/v2\/tags?post=7817"}],"curies":[{"name":"wp","href":"https:\/\/api.w.org\/{rel}","templated":true}]}}