{"id":78130,"date":"2020-07-22T20:32:39","date_gmt":"2020-07-23T01:32:39","guid":{"rendered":"http:\/\/elinformanteperu.com\/?p=78130"},"modified":"2020-07-22T20:32:39","modified_gmt":"2020-07-23T01:32:39","slug":"junin-mvcs-inicia-instalacion-de-modulos-temporales-de-vivienda-para-familias-afectadas-por-huaico","status":"publish","type":"post","link":"https:\/\/elinformanteperu.com\/index.php\/2020\/07\/22\/junin-mvcs-inicia-instalacion-de-modulos-temporales-de-vivienda-para-familias-afectadas-por-huaico\/","title":{"rendered":"Jun\u00edn: MVCS inicia instalaci\u00f3n de m\u00f3dulos temporales de vivienda para familias afectadas por huaico"},"content":{"rendered":"<p><strong><span style=\"color: #000000;\">Proceso constructivo de las 40 estructuras se da a cargo de la Direcci\u00f3n General de Programas y Proyectos de Vivienda y Urbanismo, con el acompa\u00f1amiento del Centro de Atenci\u00f3n al Ciudadano.<\/span><\/strong><\/p>\n<p><span style=\"color: #000000;\"><strong>Jun\u00edn, 22 Julio 2020, (El Informante Per\u00fa).-<\/strong> El Ministerio de Vivienda, Construcci\u00f3n y Saneamiento (MVCS) inici\u00f3 la instalaci\u00f3n de 40 m\u00f3dulos temporales de vivienda (MTV) destinadas a igual n\u00famero de familias del distrito de Ahuac, provincia de Chupaca, en la regi\u00f3n Jun\u00edn, cuyas casas se vieron afectadas producto de la activaci\u00f3n de la quebrada Pacayhuarmi y del posterior huaico ocurrido el 28 de diciembre del 2019.<\/span><\/p>\n<p><span style=\"color: #000000;\">Ello ha sido posible luego de que los trabajos de rehabilitaci\u00f3n y saneamiento de predios y zonas afectadas, a cargo del Gobierno Regional de Jun\u00edn e instituciones del Estado, se extendieran hasta el mes de junio.<\/span><\/p>\n<p><span style=\"color: #000000;\">Desde el 13 de julio \u00faltimo, los 40 m\u00f3dulos temporales se encuentran en proceso de instalaci\u00f3n a cargo de la Direcci\u00f3n General de Programas y Proyectos de Vivienda y Urbanismo del MVCS, con el acompa\u00f1amiento en campo del Centro de Atenci\u00f3n al Ciudadano (CAC) de Jun\u00edn.<\/span><\/p>\n<p><span style=\"color: #000000;\">Esta acci\u00f3n se ejecuta en el marco de la declaratoria del Estado de Emergencia por desastre a consecuencia de huaico debido a las intensas precipitaciones pluviales que el Gobierno decret\u00f3 el 9 de enero de este a\u00f1o.<\/span><\/p>\n<p><span style=\"color: #000000;\">Cabe se\u00f1alar que el MVCS trabaja de manera articulada con el Gobierno Regional de Jun\u00edn, los gobiernos locales involucrados y dem\u00e1s instituciones p\u00fablicas, bajo la coordinaci\u00f3n t\u00e9cnica y seguimiento del Instituto Nacional de Defensa Civil (Indeci), dentro del \u00e1mbito del Sistema Nacional de Gesti\u00f3n del Riesgo de Desastres (SINAGERD).<\/span><\/p>\n<p><span style=\"color: #000000;\">Cada m\u00f3dulo temporal de vivienda tiene un \u00e1rea de 18 metros cuadrados, est\u00e1 dividido en tres ambientes y permite a sus habitantes desarrollar su vida diaria en \u00f3ptimas condiciones. Los m\u00f3dulos adem\u00e1s cuentan con ventanas de vidrio, e instalaciones de energ\u00eda el\u00e9ctrica, listas para ser conectadas al alimentador principal.<\/span><\/p>\n","protected":false},"excerpt":{"rendered":"<p>Proceso constructivo de las 40 estructuras se da a cargo de la Direcci\u00f3n General de Programas y Proyectos de Vivienda y Urbanismo, con el acompa\u00f1amiento del Centro de Atenci\u00f3n al Ciudadano. Jun\u00edn, 22 Julio 2020, (El Informante Per\u00fa).- El Ministerio de Vivienda, Construcci\u00f3n y Saneamiento (MVCS) inici\u00f3 la instalaci\u00f3n de 40 m\u00f3dulos temporales de vivienda [&hellip;]<\/p>\n","protected":false},"author":1,"featured_media":78131,"comment_status":"open","ping_status":"open","sticky":false,"template":"","format":"standard","meta":{"rop_custom_images_group":[],"rop_custom_messages_group":[],"rop_publish_now":"initial","rop_publish_now_accounts":[],"rop_publish_now_history":[],"rop_publish_now_status":"pending","footnotes":""},"categories":[10],"tags":[148,3548,1557],"class_list":["post-78130","post","type-post","status-publish","format-standard","has-post-thumbnail","hentry","category-actualidad-municipal","tag-indeci","tag-junin","tag-ministerio-de-vivienda"],"_links":{"self":[{"href":"https:\/\/elinformanteperu.com\/index.php\/wp-json\/wp\/v2\/posts\/78130","targetHints":{"allow":["GET"]}}],"collection":[{"href":"https:\/\/elinformanteperu.com\/index.php\/wp-json\/wp\/v2\/posts"}],"about":[{"href":"https:\/\/elinformanteperu.com\/index.php\/wp-json\/wp\/v2\/types\/post"}],"author":[{"embeddable":true,"href":"https:\/\/elinformanteperu.com\/index.php\/wp-json\/wp\/v2\/users\/1"}],"replies":[{"embeddable":true,"href":"https:\/\/elinformanteperu.com\/index.php\/wp-json\/wp\/v2\/comments?post=78130"}],"version-history":[{"count":1,"href":"https:\/\/elinformanteperu.com\/index.php\/wp-json\/wp\/v2\/posts\/78130\/revisions"}],"predecessor-version":[{"id":78132,"href":"https:\/\/elinformanteperu.com\/index.php\/wp-json\/wp\/v2\/posts\/78130\/revisions\/78132"}],"wp:featuredmedia":[{"embeddable":true,"href":"https:\/\/elinformanteperu.com\/index.php\/wp-json\/wp\/v2\/media\/78131"}],"wp:attachment":[{"href":"https:\/\/elinformanteperu.com\/index.php\/wp-json\/wp\/v2\/media?parent=78130"}],"wp:term":[{"taxonomy":"category","embeddable":true,"href":"https:\/\/elinformanteperu.com\/index.php\/wp-json\/wp\/v2\/categories?post=78130"},{"taxonomy":"post_tag","embeddable":true,"href":"https:\/\/elinformanteperu.com\/index.php\/wp-json\/wp\/v2\/tags?post=78130"}],"curies":[{"name":"wp","href":"https:\/\/api.w.org\/{rel}","templated":true}]}}