{"id":78123,"date":"2020-07-22T20:21:14","date_gmt":"2020-07-23T01:21:14","guid":{"rendered":"http:\/\/elinformanteperu.com\/?p=78123"},"modified":"2020-07-22T20:21:14","modified_gmt":"2020-07-23T01:21:14","slug":"fox-channel-anuncia-la-fecha-de-estreno-de-su-nueva-serie-animada-duncanville-y-la-temporada-31-de-los-simpson","status":"publish","type":"post","link":"https:\/\/elinformanteperu.com\/index.php\/2020\/07\/22\/fox-channel-anuncia-la-fecha-de-estreno-de-su-nueva-serie-animada-duncanville-y-la-temporada-31-de-los-simpson\/","title":{"rendered":"Fox Channel anuncia la fecha de estreno de su nueva serie animada \u201cDuncanville\u201d y la temporada 31 de \u201cLos Simpson\u201d"},"content":{"rendered":"<p><strong><span style=\"color: #000000;\">Los Harris, una familia diferente pero igual a todas, junto a la familia favorita de Springfield, redoblan la apuesta de diversi\u00f3n y humor de los domingos animados.<\/span><\/strong><\/p>\n<p><span style=\"color: #000000;\"><strong>Lima, 22 Julio 2020, (El Informante Per\u00fa).-<\/strong> El domingo 30 de agosto a las 8 p.m., Fox Channel estrena con cap\u00edtulo doble, la temporada n\u00famero 31 de \u201cLos Simpson\u201d. La familia amarilla m\u00e1s famosa de la televisi\u00f3n, regresa con nuevas aventuras simpsonianas, recargadas con su cl\u00e1sico humor sarc\u00e1stico e irreverente.<\/span><\/p>\n<p><span style=\"color: #000000;\">El mismo d\u00eda a las 9 p.m. y tambi\u00e9n con episodio doble llega \u201cDuncanville\u201d, la esperada nueva serie para los fan\u00e1ticos y entusiastas de las comedias animadas para adultos que retrata con humor, la peculiar realidad de Duncan, un adolescente de 15 a\u00f1os, su familia y sus amigos.<\/span><\/p>\n<p><span style=\"color: #000000;\"><strong>Una cita perfecta para los fan\u00e1ticos<\/strong><\/span><\/p>\n<p><span style=\"color: #000000;\">Por primera vez en 50 a\u00f1os, la celebraci\u00f3n anual de la cultura pop en San Diego no abrir\u00e1 sus puertas al p\u00fablico pero ofrecer\u00e1 una experiencia virtual gratuita para todo el mundo en la edici\u00f3n Comic- Con@Home. Para ir preparando las carcajadas antes del estreno, Comic-Con presentar\u00e1 dos paneles dedicados al universo de \u201cLos Simpson\u201d y \u201cDuncanville\u201d.<\/span><\/p>\n<p><span style=\"color: #000000;\">El jueves 23 de julio a las 2 p.m. (Arg.), \u201cDuncanville\u201d ser\u00e1 presentado por sus creadores, los productores ejecutivos Mike y Julie Scully, la productora ejecutiva y estrella, Amy Poehler, se reunir\u00e1n junto con el cast de la serie Ty Burrell, Riki Lindhome, Joy Osmanski, Yassir Lester, Betsy Sodaro y las estrellas invitadas Rashida Jones y Wiz Khalifa para hablar sobre sus momentos favoritos de la temporada y sobre lo emocionados qu\u00e9 est\u00e1n por la realizaci\u00f3n de la segunda temporada, que ya est\u00e1 confirmada.<\/span><\/p>\n<p><span style=\"color: #000000;\">El s\u00e1bado 25 de julio a las 1 p.m. es el turno de viajar a Springfield para presenciar un panel moderado por Yeardley Smith, que contar\u00e1 con la presencia del equipo detr\u00e1s de \u201cLos Simpson\u201d, Al Jean, Matt Selman, David Silverman, Carolyn Omine, Mike B. Anderson, y hablar\u00e1n acerca la pr\u00f3xima temporada del show y c\u00f3mo lograron superar el distanciamiento social para seguir produciendo en estos tiempos de pandemia.<\/span><\/p>\n<p><img fetchpriority=\"high\" decoding=\"async\" class=\"aligncenter size-full wp-image-78125\" src=\"http:\/\/elinformanteperu.com\/wp-content\/uploads\/2020\/07\/los-simpson.jpg\" alt=\"\" width=\"1360\" height=\"826\" srcset=\"https:\/\/elinformanteperu.com\/wp-content\/uploads\/2020\/07\/los-simpson.jpg 1360w, https:\/\/elinformanteperu.com\/wp-content\/uploads\/2020\/07\/los-simpson-300x182.jpg 300w, https:\/\/elinformanteperu.com\/wp-content\/uploads\/2020\/07\/los-simpson-1024x622.jpg 1024w, https:\/\/elinformanteperu.com\/wp-content\/uploads\/2020\/07\/los-simpson-768x466.jpg 768w\" sizes=\"(max-width: 1360px) 100vw, 1360px\" \/><\/p>\n","protected":false},"excerpt":{"rendered":"<p>Los Harris, una familia diferente pero igual a todas, junto a la familia favorita de Springfield, redoblan la apuesta de diversi\u00f3n y humor de los domingos animados. Lima, 22 Julio 2020, (El Informante Per\u00fa).- El domingo 30 de agosto a las 8 p.m., Fox Channel estrena con cap\u00edtulo doble, la temporada n\u00famero 31 de \u201cLos [&hellip;]<\/p>\n","protected":false},"author":1,"featured_media":78124,"comment_status":"open","ping_status":"open","sticky":false,"template":"","format":"standard","meta":{"rop_custom_images_group":[],"rop_custom_messages_group":[],"rop_publish_now":"initial","rop_publish_now_accounts":[],"rop_publish_now_history":[],"rop_publish_now_status":"pending","footnotes":""},"categories":[70,5745],"tags":[],"class_list":["post-78123","post","type-post","status-publish","format-standard","has-post-thumbnail","hentry","category-farandula","category-lo-ultimo"],"_links":{"self":[{"href":"https:\/\/elinformanteperu.com\/index.php\/wp-json\/wp\/v2\/posts\/78123","targetHints":{"allow":["GET"]}}],"collection":[{"href":"https:\/\/elinformanteperu.com\/index.php\/wp-json\/wp\/v2\/posts"}],"about":[{"href":"https:\/\/elinformanteperu.com\/index.php\/wp-json\/wp\/v2\/types\/post"}],"author":[{"embeddable":true,"href":"https:\/\/elinformanteperu.com\/index.php\/wp-json\/wp\/v2\/users\/1"}],"replies":[{"embeddable":true,"href":"https:\/\/elinformanteperu.com\/index.php\/wp-json\/wp\/v2\/comments?post=78123"}],"version-history":[{"count":1,"href":"https:\/\/elinformanteperu.com\/index.php\/wp-json\/wp\/v2\/posts\/78123\/revisions"}],"predecessor-version":[{"id":78126,"href":"https:\/\/elinformanteperu.com\/index.php\/wp-json\/wp\/v2\/posts\/78123\/revisions\/78126"}],"wp:featuredmedia":[{"embeddable":true,"href":"https:\/\/elinformanteperu.com\/index.php\/wp-json\/wp\/v2\/media\/78124"}],"wp:attachment":[{"href":"https:\/\/elinformanteperu.com\/index.php\/wp-json\/wp\/v2\/media?parent=78123"}],"wp:term":[{"taxonomy":"category","embeddable":true,"href":"https:\/\/elinformanteperu.com\/index.php\/wp-json\/wp\/v2\/categories?post=78123"},{"taxonomy":"post_tag","embeddable":true,"href":"https:\/\/elinformanteperu.com\/index.php\/wp-json\/wp\/v2\/tags?post=78123"}],"curies":[{"name":"wp","href":"https:\/\/api.w.org\/{rel}","templated":true}]}}