{"id":78114,"date":"2020-07-22T19:42:48","date_gmt":"2020-07-23T00:42:48","guid":{"rendered":"http:\/\/elinformanteperu.com\/?p=78114"},"modified":"2020-07-22T19:42:48","modified_gmt":"2020-07-23T00:42:48","slug":"modric-espera-jugar-mas-anos-y-terminar-su-carrera-en-el-real-madrid","status":"publish","type":"post","link":"https:\/\/elinformanteperu.com\/index.php\/2020\/07\/22\/modric-espera-jugar-mas-anos-y-terminar-su-carrera-en-el-real-madrid\/","title":{"rendered":"Modric espera jugar m\u00e1s a\u00f1os y terminar su carrera en el Real Madrid"},"content":{"rendered":"<p><strong><span style=\"color: #000000;\">Luka Modric est\u00e1 convencido de que tiene por delante varios a\u00f1os m\u00e1s de buen f\u00fatbol.<\/span><\/strong><\/p>\n<p><span style=\"color: #000000;\"><strong>Madrid, 22 Julio 2020, (ANDINA).-<\/strong> El madridista croata Luka Modric, de 34 a\u00f1os, est\u00e1 convencido de que tiene por delante varios a\u00f1os m\u00e1s de buen f\u00fatbol y espera cerrar su carrera en el Real Madrid.<\/span><\/p>\n<p><span style=\"color: #000000;\">\u00abSiento de forma convincente de que tengo en las piernas todav\u00eda varios a\u00f1os de verdadero f\u00fatbol. Y estoy seguro 100 % de que todav\u00eda quiero jugar&#8230;\u00bb, dijo Modric en declaraciones al deportivo croata \u00abSportske Novosti en su edici\u00f3n de hoy.<\/span><\/p>\n<p><span style=\"color: #000000;\">El principal deportivo croata ha proclamado a Modric, capit\u00e1n de la selecci\u00f3n croata, como el mejor jugador en la historia del f\u00fatbol croata, tras una elecci\u00f3n organizada por varios expertos y los aficionados del pa\u00eds balc\u00e1nico.<\/span><\/p>\n<p><span style=\"color: #000000;\">\u00abEspero derribar tambi\u00e9n el estereotipo de que en el Real no se puede terminar la carrera despu\u00e9s de los 34\/35 a\u00f1os. Me sacrifiqu\u00e9 mucho para llegar al Real, pas\u00e9 de todo y no desistir\u00e9 f\u00e1cilmente. Luchar\u00e9 sobre el terreno para merecer quedarme\u00bb, asegur\u00f3 el jugador.<\/span><\/p>\n<p><span style=\"color: #000000;\">Se refiri\u00f3 as\u00ed a sus planes para despu\u00e9s de junio 2021, cuando expire su contrato actual con el Real.<\/span><\/p>\n<p><span style=\"color: #000000;\">El futbolista, que en 2018 gan\u00f3 el Bal\u00f3n de Oro y los premios de Mejor Jugador de Europa y el Mejor Jugador del Mundo de la Fifa, considera que la prensa espa\u00f1ola ha sido injusta con \u00e9l a veces durante esta temporada, precisamente por su edad.<\/span><\/p>\n<p><span style=\"color: #000000;\">\u00abNo quiero ser protegido de cr\u00edticas por mis m\u00e9ritos pasados, pero creo que es justo y que me merezco que se me juzgue seg\u00fan lo que muestro sobre terreno y no por el prejuicio sobre mi edad\u00bb, coment\u00f3 Modric.<\/span><\/p>\n<p><span style=\"color: #000000;\">Modric expres\u00f3 gran satisfacci\u00f3n por los recientes logros con el Real Madrid.<\/span><\/p>\n<p><span style=\"color: #000000;\">\u00abEstoy lleno de felicidad y satisfacci\u00f3n por mi segundo t\u00edtulo de Campe\u00f3n de Espa\u00f1a. Ya hab\u00eda ganado 16 trofeos en el Real, incluidas cuatro Ligas de Campeones, pero este t\u00edtulo de la Primera me ha hecho especialmente feliz\u00bb, coment\u00f3.<\/span><\/p>\n<p><span style=\"color: #000000;\">Asegur\u00f3 que la situaci\u00f3n en el club blanco es excelente a pesar de la pandemia, cuyas dificultados solo han motivado a los jugadores a esforzarse m\u00e1s.<\/span><\/p>\n<p><span style=\"color: #000000;\">\u00abMientras est\u00e1bamos en nuestros hogares, todos entrenamos. Estuve en contacto con mis compa\u00f1eros de juego y not\u00e9 que todos ten\u00edan una motivaci\u00f3n adicional\u00bb, asegura Modric.<\/span><\/p>\n<p><span style=\"color: #000000;\">Respecto a su amigo y capit\u00e1n del Real Madrid, Sergio Ramos, Modric, se expresa solo en superlativos.<\/span><\/p>\n<p><span style=\"color: #000000;\">\u00ab!Mi hermano Sergio es un fen\u00f3meno!\u00bb, \u00abRamos con sus 34 a\u00f1os es una piedra, el m\u00e1ximo nivel competitivo\u00bb, \u00abel l\u00edder del equipo y el mejor defensa del mundo\u00bb, asegura.<\/span><\/p>\n<p><strong><span style=\"color: #000000;\">Alaba a su compa\u00f1ero<\/span><\/strong><\/p>\n<p><span style=\"color: #000000;\">Por otra parte, se manifest\u00f3 satisfecho que Karim Benzema fuera elogiado por la prensa y el p\u00fablico.<\/span><\/p>\n<p><span style=\"color: #000000;\">\u00abPor fin se dieron cuenta de aquello que nosotros los jugadores sabemos desde hace mucho tiempo\u00bb, dijo.<\/span><\/p>\n<p><span style=\"color: #000000;\">En todo caso, la persona clave de los nuevos \u00e9xitos del club blanco, es Zidane, un entrenador carism\u00e1tico que comprende bien el juego y a los jugadores, seg\u00fan lo describe.<\/span><\/p>\n<p><span style=\"color: #000000;\">\u00abTambi\u00e9n en esta segunda fase, Zidane me parece incluso mejor. Ha tra\u00eddo algo nuevo en el plan del entrenamiento y t\u00e1ctica (&#8230;) hemos hecho un paso adelante en lo que antes pod\u00eda ser un problema, el juego defensivo&#8230;\u00bb, concluy\u00f3 Modric.<\/span><\/p>\n<blockquote class=\"twitter-tweet\">\n<p dir=\"ltr\" lang=\"es\">\ud83c\udfc6\ud83d\udcfa Desde las 18h00 CEST, revive en <a href=\"https:\/\/twitter.com\/Twitch?ref_src=twsrc%5Etfw\">@Twitch<\/a> las celebraciones de la 34\u00aa Liga&#8230;<br \/>\n\ud83d\udd34 \u00a1Interacci\u00f3n en directo y muchas estad\u00edsticas! \ud83d\udcca<a href=\"https:\/\/twitter.com\/hashtag\/34Ligas?src=hash&amp;ref_src=twsrc%5Etfw\">#34Ligas<\/a> | <a href=\"https:\/\/twitter.com\/hashtag\/HalaMadrid?src=hash&amp;ref_src=twsrc%5Etfw\">#HalaMadrid<\/a><\/p>\n<p>\u2014 Real Madrid C.F. (34\ud83c\udfc6) (@realmadrid) <a href=\"https:\/\/twitter.com\/realmadrid\/status\/1285938466526814208?ref_src=twsrc%5Etfw\">July 22, 2020<\/a><\/p><\/blockquote>\n<p><script async src=\"https:\/\/platform.twitter.com\/widgets.js\" charset=\"utf-8\"><\/script><\/p>\n","protected":false},"excerpt":{"rendered":"<p>Luka Modric est\u00e1 convencido de que tiene por delante varios a\u00f1os m\u00e1s de buen f\u00fatbol. Madrid, 22 Julio 2020, (ANDINA).- El madridista croata Luka Modric, de 34 a\u00f1os, est\u00e1 convencido de que tiene por delante varios a\u00f1os m\u00e1s de buen f\u00fatbol y espera cerrar su carrera en el Real Madrid. \u00abSiento de forma convincente de [&hellip;]<\/p>\n","protected":false},"author":1,"featured_media":78115,"comment_status":"open","ping_status":"open","sticky":false,"template":"","format":"standard","meta":{"rop_custom_images_group":[],"rop_custom_messages_group":[],"rop_publish_now":"initial","rop_publish_now_accounts":[],"rop_publish_now_history":[],"rop_publish_now_status":"pending","footnotes":""},"categories":[8],"tags":[2924,423],"class_list":["post-78114","post","type-post","status-publish","format-standard","has-post-thumbnail","hentry","category-disciplinas-deportivas","tag-luka-modric","tag-real-madrid"],"_links":{"self":[{"href":"https:\/\/elinformanteperu.com\/index.php\/wp-json\/wp\/v2\/posts\/78114","targetHints":{"allow":["GET"]}}],"collection":[{"href":"https:\/\/elinformanteperu.com\/index.php\/wp-json\/wp\/v2\/posts"}],"about":[{"href":"https:\/\/elinformanteperu.com\/index.php\/wp-json\/wp\/v2\/types\/post"}],"author":[{"embeddable":true,"href":"https:\/\/elinformanteperu.com\/index.php\/wp-json\/wp\/v2\/users\/1"}],"replies":[{"embeddable":true,"href":"https:\/\/elinformanteperu.com\/index.php\/wp-json\/wp\/v2\/comments?post=78114"}],"version-history":[{"count":1,"href":"https:\/\/elinformanteperu.com\/index.php\/wp-json\/wp\/v2\/posts\/78114\/revisions"}],"predecessor-version":[{"id":78116,"href":"https:\/\/elinformanteperu.com\/index.php\/wp-json\/wp\/v2\/posts\/78114\/revisions\/78116"}],"wp:featuredmedia":[{"embeddable":true,"href":"https:\/\/elinformanteperu.com\/index.php\/wp-json\/wp\/v2\/media\/78115"}],"wp:attachment":[{"href":"https:\/\/elinformanteperu.com\/index.php\/wp-json\/wp\/v2\/media?parent=78114"}],"wp:term":[{"taxonomy":"category","embeddable":true,"href":"https:\/\/elinformanteperu.com\/index.php\/wp-json\/wp\/v2\/categories?post=78114"},{"taxonomy":"post_tag","embeddable":true,"href":"https:\/\/elinformanteperu.com\/index.php\/wp-json\/wp\/v2\/tags?post=78114"}],"curies":[{"name":"wp","href":"https:\/\/api.w.org\/{rel}","templated":true}]}}